{"id":11399,"date":"2019-02-22T07:30:20","date_gmt":"2019-02-22T06:30:20","guid":{"rendered":"https:\/\/blog.legalvision.fr\/?p=11399"},"modified":"2023-11-16T16:12:37","modified_gmt":"2023-11-16T15:12:37","slug":"co-gerant-sarl-comment-ca-marche","status":"publish","type":"post","link":"https:\/\/www.legalvision.fr\/guides-juridiques\/sarl\/co-gerant-sarl-comment-ca-marche\/","title":{"rendered":"Ce qu&rsquo;il faut savoir de la co-g\u00e9rance d&rsquo;une SARL"},"content":{"rendered":"\t\t<div data-elementor-type=\"wp-post\" data-elementor-id=\"11399\" class=\"elementor elementor-11399\" data-elementor-post-type=\"post\">\n\t\t\t\t<div data-particle_enable=\"false\" data-particle-mobile-disabled=\"false\" class=\"elementor-element elementor-element-f354c91 e-flex e-con-boxed e-con e-parent\" data-id=\"f354c91\" data-element_type=\"container\" data-e-type=\"container\">\n\t\t\t\t\t<div class=\"e-con-inner\">\n\t\t\t\t<div class=\"elementor-element elementor-element-7ca7996 elementor-widget elementor-widget-text-editor\" data-id=\"7ca7996\" data-element_type=\"widget\" data-e-type=\"widget\" data-widget_type=\"text-editor.default\">\n\t\t\t\t<div class=\"elementor-widget-container\">\n\t\t\t\t\t\t\t\t\t<p><a href=\"https:\/\/www.legifrance.gouv.fr\/affichCodeArticle.do?cidTexte=LEGITEXT000005634379&amp;idArticle=LEGIARTI000029946674\">L&rsquo;article\u00a0L.223-18 du code de Commerce<\/a>\u00a0dispose qu&rsquo;une SARL peut librement\u00a0<a href=\"https:\/\/blog.legalvision.fr\/2018\/06\/18\/nomination-d-un-nouveau-gerant-sarl\/\">nommer le nombre de g\u00e9rant<\/a>\u00a0qu&rsquo;il souhaite. Ainsi, si l&rsquo;on peut souvent trouver des SARL \u00e0 g\u00e9rant unique, il n&rsquo;est pas rare de voir aux c\u00f4t\u00e9s d&rsquo;un g\u00e9rant, un <b>co-g\u00e9rant SARL<\/b>.<\/p><p>Dans cet article, LegalVision met \u00e0 votre service son expertise juridique pour vous aider \u00e0 tout comprendre sur ce sujet. Vous trouverez ci-dessous un r\u00e9sum\u00e9 des points essentiels \u00e0 retenir :<\/p><p><a href=\"#I\">I\/ SARL Co-g\u00e9rant : Pouvoirs et responsabilit\u00e9s<br \/><\/a><a href=\"#II\">II\/ SARL Co-g\u00e9rant : Le statut social<br \/><\/a><a href=\"#III\">III\/ La fin de fonction du co-g\u00e9rant<\/a><\/p><p>\u00a0<\/p>\t\t\t\t\t\t\t\t<\/div>\n\t\t\t\t<\/div>\n\t\t\t\t\t<\/div>\n\t\t\t\t<\/div>\n\t\t<div data-particle_enable=\"false\" data-particle-mobile-disabled=\"false\" class=\"elementor-element elementor-element-2d74869a e-flex e-con-boxed e-con e-parent\" data-id=\"2d74869a\" data-element_type=\"container\" data-e-type=\"container\">\n\t\t\t\t\t<div class=\"e-con-inner\">\n\t\t\t\t<div class=\"elementor-element elementor-element-2e84898c elementor-widget elementor-widget-heading\" data-id=\"2e84898c\" data-element_type=\"widget\" data-e-type=\"widget\" data-widget_type=\"heading.default\">\n\t\t\t\t<div class=\"elementor-widget-container\">\n\t\t\t\t\t<h2 class=\"elementor-heading-title elementor-size-default\">Nos outils pour vous aider : <\/h2>\t\t\t\t<\/div>\n\t\t\t\t<\/div>\n\t\t\t\t\t<\/div>\n\t\t\t\t<\/div>\n\t\t<div data-particle_enable=\"false\" data-particle-mobile-disabled=\"false\" class=\"elementor-element elementor-element-50750cce e-flex e-con-boxed e-con e-parent\" data-id=\"50750cce\" data-element_type=\"container\" data-e-type=\"container\">\n\t\t\t\t\t<div class=\"e-con-inner\">\n\t\t<div data-particle_enable=\"false\" data-particle-mobile-disabled=\"false\" class=\"elementor-element elementor-element-a2c1d17 e-con-full e-flex e-con e-child\" data-id=\"a2c1d17\" data-element_type=\"container\" data-e-type=\"container\">\n\t\t\t\t<div class=\"elementor-element elementor-element-62fb5bba elementor-widget elementor-widget-button\" data-id=\"62fb5bba\" data-element_type=\"widget\" data-e-type=\"widget\" data-widget_type=\"button.default\">\n\t\t\t\t<div class=\"elementor-widget-container\">\n\t\t\t\t\t\t\t\t\t<div class=\"elementor-button-wrapper\">\n\t\t\t\t\t<a class=\"elementor-button elementor-button-link elementor-size-sm\" href=\"https:\/\/leonard.fr\/juridique\/creation-entreprise\/creation-dune-sarl-leonard\/?utm_source=blog&#038;utm_medium=CTA&#038;utm_campaign=tout_savoir_co_gerance_SARL&#038;utm_id=creation_SARL_blog\" target=\"_blank\">\n\t\t\t\t\t\t<span class=\"elementor-button-content-wrapper\">\n\t\t\t\t\t\t\t\t\t<span class=\"elementor-button-text\">Cr\u00e9ez votre SARL en ligne<\/span>\n\t\t\t\t\t<\/span>\n\t\t\t\t\t<\/a>\n\t\t\t\t<\/div>\n\t\t\t\t\t\t\t\t<\/div>\n\t\t\t\t<\/div>\n\t\t\t\t<\/div>\n\t\t<div data-particle_enable=\"false\" data-particle-mobile-disabled=\"false\" class=\"elementor-element elementor-element-458c05f5 e-con-full e-flex e-con e-child\" data-id=\"458c05f5\" data-element_type=\"container\" data-e-type=\"container\">\n\t\t\t\t<div class=\"elementor-element elementor-element-144090ba elementor-widget elementor-widget-button\" data-id=\"144090ba\" data-element_type=\"widget\" data-e-type=\"widget\" data-widget_type=\"button.default\">\n\t\t\t\t<div class=\"elementor-widget-container\">\n\t\t\t\t\t\t\t\t\t<div class=\"elementor-button-wrapper\">\n\t\t\t\t\t<a class=\"elementor-button elementor-button-link elementor-size-sm\" href=\"https:\/\/meetings.hubspot.com\/global\/leonard-rendez-vous-gratuit-avec-un-juriste?utm_source=blog&#038;utm_medium=CTA&#038;utm_campaign=tout_savoir_co_gerance_SARL&#038;utm_id=creation_SARL_blog\" target=\"_blank\">\n\t\t\t\t\t\t<span class=\"elementor-button-content-wrapper\">\n\t\t\t\t\t\t\t\t\t<span class=\"elementor-button-text\">Soyez rappel\u00e9 par un juriste gratuitement<\/span>\n\t\t\t\t\t<\/span>\n\t\t\t\t\t<\/a>\n\t\t\t\t<\/div>\n\t\t\t\t\t\t\t\t<\/div>\n\t\t\t\t<\/div>\n\t\t\t\t<\/div>\n\t\t<div data-particle_enable=\"false\" data-particle-mobile-disabled=\"false\" class=\"elementor-element elementor-element-3a7e409 e-con-full e-flex e-con e-child\" data-id=\"3a7e409\" data-element_type=\"container\" data-e-type=\"container\">\n\t\t\t\t<div class=\"elementor-element elementor-element-28ba3897 elementor-widget elementor-widget-button\" data-id=\"28ba3897\" data-element_type=\"widget\" data-e-type=\"widget\" data-widget_type=\"button.default\">\n\t\t\t\t<div class=\"elementor-widget-container\">\n\t\t\t\t\t\t\t\t\t<div class=\"elementor-button-wrapper\">\n\t\t\t\t\t<a class=\"elementor-button elementor-button-link elementor-size-sm\" href=\"https:\/\/share.hsforms.com\/1MCz4iJkPSsaIbYWlbzl6vw1oyza?utm_source=blog&#038;utm_medium=CTA&#038;utm_campaign=tout_savoir_co_gerance_SARL&#038;utm_id=creation_SARL_blog\" target=\"_blank\">\n\t\t\t\t\t\t<span class=\"elementor-button-content-wrapper\">\n\t\t\t\t\t\t\t\t\t<span class=\"elementor-button-text\">Publiez votre annonce l\u00e9gale<\/span>\n\t\t\t\t\t<\/span>\n\t\t\t\t\t<\/a>\n\t\t\t\t<\/div>\n\t\t\t\t\t\t\t\t<\/div>\n\t\t\t\t<\/div>\n\t\t\t\t<\/div>\n\t\t\t\t\t<\/div>\n\t\t\t\t<\/div>\n\t\t<div data-particle_enable=\"false\" data-particle-mobile-disabled=\"false\" class=\"elementor-element elementor-element-ecae9e0 e-flex e-con-boxed e-con e-parent\" data-id=\"ecae9e0\" data-element_type=\"container\" data-e-type=\"container\">\n\t\t\t\t\t<div class=\"e-con-inner\">\n\t\t\t\t<div class=\"elementor-element elementor-element-579acbd7 elementor-widget elementor-widget-text-editor\" data-id=\"579acbd7\" data-element_type=\"widget\" data-e-type=\"widget\" data-widget_type=\"text-editor.default\">\n\t\t\t\t<div class=\"elementor-widget-container\">\n\t\t\t\t\t\t\t\t\t<p><\/p>\n<h2 id=\"I\">&nbsp;<\/h2>\n<h2 id=\"I\">I\/ SARL Co-g\u00e9rant : Pouvoirs et responsabilit\u00e9s<\/h2>\n<p>Lorsqu&rsquo;il y&rsquo;a plus d&rsquo;un g\u00e9rant au sein d&rsquo;une SARL on parle de co-g\u00e9rance.<\/p>\n<h3>&nbsp;<\/h3>\n<h3>A) R\u00e9partition des pouvoirs, SARL Co-g\u00e9rant<\/h3>\n<p>Le code de Commerce dispose qu&rsquo;en cas de pluralit\u00e9 de g\u00e9rant,&nbsp;ceux-ci d\u00e9tiennent&nbsp;s\u00e9par\u00e9ment&nbsp;les pouvoirs de faire tous les actes de gestion dans l&rsquo;int\u00e9r\u00eat de la soci\u00e9t\u00e9.&nbsp;De plus,&nbsp;l&rsquo;opposition form\u00e9e par un g\u00e9rant aux actes d&rsquo;un autre g\u00e9rant est sans effet \u00e0 l&rsquo;\u00e9gard des tiers, \u00e0 moins qu&rsquo;il ne soit \u00e9tabli qu&rsquo;ils en ont eu connaissance.<\/p>\n<p>Ainsi, l&rsquo;un des risques de la cog\u00e9rance est le conflit entre g\u00e9rants qui peut bloquer la soci\u00e9t\u00e9. Il est cependant possible d&rsquo;envisager une r\u00e9partition des pouvoirs au sein des statuts. Ainsi chaque co-g\u00e9rant SARL ne pourra ex\u00e9cuter que les t\u00e2ches qui lui ont \u00e9t\u00e9 attribu\u00e9es par les statuts.<\/p>\n<p>Inversement il est aussi possible de pr\u00e9voir dans les statuts que certaines d\u00e9cisions soient prises conjointement et que certains actes soient conjointement sign\u00e9s.<\/p>\n<p>La Jurisprudence est venue limiter la r\u00e9partition statutaire des pouvoirs des co-g\u00e9rants en d\u00e9cidant qu&rsquo;il incombe \u00e0 chaque g\u00e9rant d&rsquo;\u00e9tablir le rapport de gestion et les comptes sociaux.<\/p>\n<p>La cog\u00e9rance dans tous les cas ne permet pas de s&rsquo;attribuer les pouvoirs r\u00e9serv\u00e9s aux associ\u00e9s.<\/p>\n<h3>&nbsp;<\/h3>\n<h3>B) Responsabilit\u00e9 du co-g\u00e9rant SARL<\/h3>\n<h4>1) Le co-g\u00e9rant&nbsp; SARL et la soci\u00e9t\u00e9<\/h4>\n<p>En tant que dirigeant, le co-g\u00e9rant SARL engage sa responsabilit\u00e9 envers sa soci\u00e9t\u00e9. Il convient cependant de se demander si la responsabilit\u00e9 des cog\u00e9rants est partag\u00e9e.<\/p>\n<p>En fait il n&rsquo;y a pas de solidarit\u00e9 automatique des cog\u00e9rants vis \u00e0 vis de la soci\u00e9t\u00e9. Chacun n&rsquo;est responsable que de ses propres fautes. Cependant si les g\u00e9rants peuvent-\u00eatre consid\u00e9r\u00e9s comme<b> coauteurs<\/b> d&rsquo;une faute susceptible d&rsquo;engager la responsabilit\u00e9 d&rsquo;un d&rsquo;entre eux, alors les cog\u00e9rants coauteur sont responsable solidairement. Les tribunaux vont rechercher la contribution de chacun au fait fautif.<\/p>\n<p>Le co-g\u00e9rant SARL peut cependant voir sa responsabilit\u00e9 engag\u00e9e du fait d&rsquo;un autre cog\u00e9rant dans certains cas. En effet, un cog\u00e9rant engage sa responsabilit\u00e9 si, en connaissance de cause, il ne s&rsquo;opposait pas \u00e0 un&nbsp;acte d\u2019un autre cog\u00e9rant qui serait contraire \u00e0 l\u2019int\u00e9r\u00eat social, d\u00e9passerait l\u2019objet social ou rel\u00e8verait de la comp\u00e9tence des associ\u00e9s.<\/p>\n<p>Alors comment se prot\u00e9ger contre les actes des autres cog\u00e9rants ?<\/p>\n<p>Le meilleur moyen est d&rsquo;affirmer express\u00e9ment son opposition par :<\/p>\n<ul>\n<li>Une lettre recommand\u00e9e avec accus\u00e9 de r\u00e9ception.<\/li>\n<li>Par exploit d&rsquo;huissier.<\/li>\n<li>Par tous moyens susceptibles de faire conna\u00eetre son opposition.<\/li>\n<\/ul>\n<h4>&nbsp;<\/h4>\n<h4>2) Le co-g\u00e9rant SARL, les tiers et la soci\u00e9t\u00e9<\/h4>\n<p><a href=\"https:\/\/www.legifrance.gouv.fr\/affichCode.do;jsessionid=DDF4B8D6E41B286ABE2A82484B1292AA.tplgfr22s_3?idSectionTA=LEGISCTA000006146044&amp;cidTexte=LEGITEXT000005634379&amp;dateTexte=20190214\">L&rsquo;article&nbsp;L223-18 du Code de commerce<\/a>&nbsp;pr\u00e9cise que dans les rapports avec les tiers, le g\u00e9rant est investi des pouvoirs les plus \u00e9tendus pour agir en toute circonstance au nom de la soci\u00e9t\u00e9, sous r\u00e9serve des pouvoirs que la loi attribue express\u00e9ment aux associ\u00e9s. C&rsquo;est avec les tiers que les cog\u00e9rants vont avoir le plus de pouvoir. Pourtant si il est possible de r\u00e9partir statutairement les pouvoirs des cog\u00e9rants, le code de commerce pr\u00e9cise bien que&nbsp;<b>les clauses statutaires limitant les pouvoirs des g\u00e9rants<\/b>&nbsp;et donc qui celles-qui repartissent les pouvoirs des cog\u00e9rants sont&nbsp;inopposables au tiers. La soci\u00e9t\u00e9 est donc engag\u00e9e par tout actes des cog\u00e9rants.<\/p>\n<p>Cependant, il existe une exception. Un g\u00e9rant a la possibilit\u00e9 de s&rsquo;opposer aux actes pass\u00e9s par un autre g\u00e9rant si ceux ci sont :<\/p>\n<ul>\n<li>Contraire \u00e0 l&rsquo;int\u00e9r\u00eat social.<\/li>\n<li>D\u00e9passerait l&rsquo;objet social.<\/li>\n<li>Ou rel\u00e8verait de la comp\u00e9tence exclusive des associ\u00e9s.<\/li>\n<\/ul>\n<p>Si cette opposition est normalement sans effet \u00e0 l&rsquo;\u00e9gard des tiers,&nbsp;l&rsquo;exception existe lorsque le tiers en question avait eu connaissance de ladite opposition.<\/p>\n<h2 id=\"II\">&nbsp;<\/h2>\n<h2 id=\"II\">II\/ SARL Co-g\u00e9rant : Le statut social<\/h2>\n<p>Le statut social du g\u00e9rant de SARL va d\u00e9pendre de la participation de celui-ci au sein de la soci\u00e9t\u00e9. Ainsi on distingue le statut social du g\u00e9rant majoritaire de SARL de celui des g\u00e9rants minoritaires, \u00e9galitaires ou non associ\u00e9s.<\/p>\n<p>La cog\u00e9rance en SARL va cependant modifier les r\u00e8gles de majorit\u00e9 classique.<\/p>\n<h3>&nbsp;<\/h3>\n<h3>A) SARL Co-g\u00e9rant et majorit\u00e9s<\/h3>\n<p>La majorit\u00e9 s&rsquo;appr\u00e9cie normalement en fonction de la participation au capital social d&rsquo;un individu. Mais, pour la d\u00e9termination du r\u00e9gime social du dirigeant il est pris en compte dans sa participation les parts d\u00e9tenus par :<\/p>\n<ul>\n<li>Son conjoint.<\/li>\n<li>Son partenaire.<\/li>\n<li>Ses enfants non \u00e9mancip\u00e9s.<\/li>\n<\/ul>\n<p>A cela il faut ajouter une r\u00e8gle sp\u00e9ciale en cas de cog\u00e9rance, celle des coll\u00e8ges. En cas de cog\u00e9rance la participation des g\u00e9rants n&rsquo;est pas \u00e9valu\u00e9e par individus, mais par la prise en compte de l&rsquo;ensemble des parts sociales de chaque g\u00e9rant.<\/p>\n<p>Ainsi plusieurs g\u00e9rants minoritaires dont la participation totale est sup\u00e9rieure \u00e0 50% appartiendront \u00e0 un coll\u00e8ge majoritaire et \u00e0 ce titre seront assujettis au r\u00e9gime social des g\u00e9rants majoritaires.<\/p>\n<h3>&nbsp;<\/h3>\n<h3>B) SARL Co-g\u00e9rant et r\u00e9gime social<\/h3>\n<h4>1) Co-g\u00e9rant SARL et RSI<\/h4>\n<p>Les g\u00e9rants majoritaires ou appartenant \u00e0 un coll\u00e8ge majoritaire seront obligatoirement affil\u00e9s \u00e0 s\u00e9curit\u00e9 sociale des ind\u00e9pendants (SSI), anciennement R\u00e9gime social des ind\u00e9pendants (RSI).<\/p>\n<h4>&nbsp;<\/h4>\n<h4>2) Co-g\u00e9rant SARL non majoritaire<\/h4>\n<p>Les g\u00e9rants minoritaires, \u00e9galitaires, non associ\u00e9s (ou appartenant \u00e0 un coll\u00e8ge minoritaire ou \u00e9galitaire), seront eux&nbsp;obligatoirement affili\u00e9s au r\u00e9gime&nbsp;g\u00e9n\u00e9ral de s\u00e9curit\u00e9 sociale au m\u00eame titre que les salari\u00e9s.<\/p>\n<p>Pour plus de pr\u00e9cision sur le r\u00e9gime social des g\u00e9rants de SARL je vous invite lire notre article sur le&nbsp;<a href=\"https:\/\/blog.legalvision.fr\/2019\/02\/21\/depart-a-la-retraite-d-un-gerant-de-sarl-risques-a-eviter\/\">d\u00e9part \u00e0 la retraite du g\u00e9rant de SARL<\/a>.<\/p>\n<h2 id=\"III\">&nbsp;<\/h2>\n<h2 id=\"III\">III\/ La fin de fonction du co-g\u00e9rant<\/h2>\n<h3>A) SARL co-g\u00e9rant, arriv\u00e9e du terme ou d\u00e9mission<\/h3>\n<h4>1) L&rsquo;arriv\u00e9e du terme<\/h4>\n<p>S&rsquo;il est d&rsquo;usage de nommer un g\u00e9rant pour une dur\u00e9e illimit\u00e9e, il est tout \u00e0 fait possible de&nbsp;<b>nommer un g\u00e9rant pour une dur\u00e9e d\u00e9termin\u00e9e<\/b>. Cette dur\u00e9e devra \u00eatre pr\u00e9cis\u00e9e dans les statuts. Les statuts peuvent aussi pr\u00e9voir que les associ\u00e9s d\u00e9termineront cette dur\u00e9e lors de chaque nomination.<\/p>\n<p>Au terme de leur mandat, les g\u00e9rants cesseront automatiquement leur fonction.<\/p>\n<p>A d\u00e9faut de dur\u00e9e, le g\u00e9rant exercera ses fonctions toute la dur\u00e9e de la soci\u00e9t\u00e9.<\/p>\n<p>Il est aussi possible de soumettre la fin des fonctions de g\u00e9rant \u00e0 la survenance d&rsquo;un \u00e9v\u00e9nement.<\/p>\n<h4>&nbsp;<\/h4>\n<h4>2) D\u00e9mission d&rsquo;un co-g\u00e9rant SARL<\/h4>\n<p>N&rsquo;\u00e9tant r\u00e9gie par aucune disposition l\u00e9gale, le r\u00e9gime de la d\u00e9mission du g\u00e9rant ou cog\u00e9rant SARL sera d\u00e9termin\u00e9 par les statuts. Cependant en l&rsquo;absence de disposition statutaire, si le g\u00e9rant peut alors techniquement d\u00e9missionner librement, il peut \u00eatre recommand\u00e9 d&rsquo;\u00e9crire une lettre d\u00e9mission co-g\u00e9rant SARL ou g\u00e9rant unique. Assortie d&rsquo;un pr\u00e9avis, cela permet d&rsquo;\u00e9viter les risques d&rsquo;abus et de poursuites en cas de pr\u00e9judice.<\/p>\n<h3>&nbsp;<\/h3>\n<h3>B) La r\u00e9vocation<\/h3>\n<p>Dans le cadre de la <a href=\"https:\/\/blog.legalvision.fr\/2018\/04\/09\/revocation-gerant-sarl\/\">r\u00e9vocation d&rsquo;un g\u00e9rant<\/a> il est tr\u00e8s avantageux d&rsquo;avoir un cog\u00e9rant SARL.<\/p>\n<p>La r\u00e9vocation du g\u00e9rant est libre sur d\u00e9cision des associ\u00e9s, aucune convention ne peut aller \u00e0 l&rsquo;encontre de cette r\u00e8gle. Elle pourra juste donner lieu \u00e0 l&rsquo;attribution de dommages et int\u00e9r\u00eats si la r\u00e9vocation est abusive. C&rsquo;est par exemple le cas lorsque qu&rsquo;elle est vexatoire.<\/p>\n<p>Cependant un probl\u00e8me intervient lors de la convocation des associ\u00e9s. En effet la convocation des associ\u00e9s en <a href=\"https:\/\/blog.legalvision.fr\/2018\/07\/29\/assemblee-generale\/\">assembl\u00e9e g\u00e9n\u00e9rale<\/a>&nbsp;se fait par le g\u00e9rant. Ainsi si il n&rsquo;y a qu&rsquo;un seul g\u00e9rant il est peu probable que celui-ci ai l\u2019initiative de la proc\u00e9dure menant \u00e0 sa propre r\u00e9vocation (Convocation, inscription \u00e0 l\u2019ordre du jour).<\/p>\n<p>Le seul moyen pour les associ\u00e9s reste de demander au pr\u00e9sident du&nbsp;tribunal de commerce comp\u00e9tent, statuant en r\u00e9f\u00e9r\u00e9,&nbsp;de&nbsp;d\u00e9signer&nbsp;un mandataire charg\u00e9 de convoquer&nbsp;l\u2019assembl\u00e9e et de \ufb01xer&nbsp;son ordre du jour.<\/p>\n<p>Dans le cas d&rsquo;une pluralit\u00e9 de g\u00e9rant, les autres g\u00e9rants pourront effectuer la proc\u00e9dure de r\u00e9vocation.<!--tag_auto_button_lead_legalvision--><\/p><p><br><\/p>\t\t\t\t\t\t\t\t<\/div>\n\t\t\t\t<\/div>\n\t\t\t\t<div class=\"elementor-element elementor-element-855b65a elementor-align-center elementor-widget elementor-widget-button\" data-id=\"855b65a\" data-element_type=\"widget\" data-e-type=\"widget\" data-widget_type=\"button.default\">\n\t\t\t\t<div class=\"elementor-widget-container\">\n\t\t\t\t\t\t\t\t\t<div class=\"elementor-button-wrapper\">\n\t\t\t\t\t<a class=\"elementor-button elementor-button-link elementor-size-sm\" href=\"https:\/\/leonard.fr\/juridique\/creation-entreprise\/creation-dune-sarl-leonard\/?utm_source=blog&#038;utm_medium=CTA&#038;utm_campaign=tout_savoir_co_gerance_SARL&#038;utm_id=creation_SARL_blog\">\n\t\t\t\t\t\t<span class=\"elementor-button-content-wrapper\">\n\t\t\t\t\t\t\t\t\t<span class=\"elementor-button-text\">Cr\u00e9ez votre SARL en ligne<\/span>\n\t\t\t\t\t<\/span>\n\t\t\t\t\t<\/a>\n\t\t\t\t<\/div>\n\t\t\t\t\t\t\t\t<\/div>\n\t\t\t\t<\/div>\n\t\t\t\t\t<\/div>\n\t\t\t\t<\/div>\n\t\t\t\t<\/div>\n\t\t","protected":false},"excerpt":{"rendered":"<p>L&rsquo;article\u00a0L.223-18 du code de Commerce\u00a0dispose qu&rsquo;une SARL peut librement\u00a0nommer le nombre de g\u00e9rant\u00a0qu&rsquo;il souhaite. Ainsi, si l&rsquo;on peut souvent trouver des SARL \u00e0 g\u00e9rant unique, il n&rsquo;est pas rare de voir aux c\u00f4t\u00e9s d&rsquo;un g\u00e9rant, un co-g\u00e9rant SARL. Dans cet article, LegalVision met \u00e0 votre service son expertise juridique pour vous aider \u00e0 tout comprendre&hellip; <a class=\"more-link\" href=\"https:\/\/www.legalvision.fr\/guides-juridiques\/sarl\/co-gerant-sarl-comment-ca-marche\/\">Poursuivre la lecture <span class=\"screen-reader-text\">Ce qu&rsquo;il faut savoir de la co-g\u00e9rance d&rsquo;une SARL<\/span><\/a><\/p>\n","protected":false},"author":30,"featured_media":22320,"comment_status":"open","ping_status":"open","sticky":false,"template":"","format":"standard","meta":{"content-type":"","inline_featured_image":false,"footnotes":""},"categories":[2497],"tags":[],"class_list":["post-11399","post","type-post","status-publish","format-standard","has-post-thumbnail","hentry","category-sarl","entry"],"yoast_head":"<!-- This site is optimized with the Yoast SEO plugin v27.1.1 - https:\/\/yoast.com\/product\/yoast-seo-wordpress\/ -->\n<title>Co-g\u00e9rant sarl : Tout comprendre sur la pluralit\u00e9 des g\u00e9rants<\/title>\n<meta name=\"description\" content=\"Vous souhaitez devenir co-g\u00e9rant SARL ou alors vous envisagez d&#039;en mettre en place dans votre soci\u00e9t\u00e9, alors venez comprendre l&#039;essentiel sur cette notion.\" \/>\n<meta name=\"robots\" content=\"index, follow, max-snippet:-1, max-image-preview:large, max-video-preview:-1\" \/>\n<link rel=\"canonical\" href=\"https:\/\/www.legalvision.fr\/guides-juridiques\/sarl\/co-gerant-sarl-comment-ca-marche\/\" \/>\n<meta property=\"og:locale\" content=\"fr_FR\" \/>\n<meta property=\"og:type\" content=\"article\" \/>\n<meta property=\"og:title\" content=\"Co-g\u00e9rant sarl : Tout comprendre sur la pluralit\u00e9 des g\u00e9rants\" \/>\n<meta property=\"og:description\" content=\"Vous souhaitez devenir co-g\u00e9rant SARL ou alors vous envisagez d&#039;en mettre en place dans votre soci\u00e9t\u00e9, alors venez comprendre l&#039;essentiel sur cette notion.\" \/>\n<meta property=\"og:url\" content=\"https:\/\/www.legalvision.fr\/guides-juridiques\/sarl\/co-gerant-sarl-comment-ca-marche\/\" \/>\n<meta property=\"og:site_name\" content=\"Guides juridiques\" \/>\n<meta property=\"article:published_time\" content=\"2019-02-22T06:30:20+00:00\" \/>\n<meta property=\"article:modified_time\" content=\"2023-11-16T15:12:37+00:00\" \/>\n<meta property=\"og:image\" content=\"https:\/\/www.legalvision.fr\/guides-juridiques\/wp-content\/uploads\/2019\/02\/co-g\u00e9rant-sarl.jpg\" \/>\n\t<meta property=\"og:image:width\" content=\"958\" \/>\n\t<meta property=\"og:image:height\" content=\"350\" \/>\n\t<meta property=\"og:image:type\" content=\"image\/jpeg\" \/>\n<meta name=\"author\" content=\"William Lebrun\" \/>\n<meta name=\"twitter:card\" content=\"summary_large_image\" \/>\n<meta name=\"twitter:label1\" content=\"\u00c9crit par\" \/>\n\t<meta name=\"twitter:data1\" content=\"William Lebrun\" \/>\n\t<meta name=\"twitter:label2\" content=\"Dur\u00e9e de lecture estim\u00e9e\" \/>\n\t<meta name=\"twitter:data2\" content=\"7 minutes\" \/>\n<script type=\"application\/ld+json\" class=\"yoast-schema-graph\">{\"@context\":\"https:\/\/schema.org\",\"@graph\":[{\"@type\":\"Article\",\"@id\":\"https:\/\/www.legalvision.fr\/guides-juridiques\/sarl\/co-gerant-sarl-comment-ca-marche\/#article\",\"isPartOf\":{\"@id\":\"https:\/\/www.legalvision.fr\/guides-juridiques\/sarl\/co-gerant-sarl-comment-ca-marche\/\"},\"author\":{\"name\":\"William Lebrun\",\"@id\":\"https:\/\/www.legalvision.fr\/guides-juridiques\/#\/schema\/person\/3d24d0c20575138ed212b2e4b6f7b4b0\"},\"headline\":\"Ce qu&rsquo;il faut savoir de la co-g\u00e9rance d&rsquo;une SARL\",\"datePublished\":\"2019-02-22T06:30:20+00:00\",\"dateModified\":\"2023-11-16T15:12:37+00:00\",\"mainEntityOfPage\":{\"@id\":\"https:\/\/www.legalvision.fr\/guides-juridiques\/sarl\/co-gerant-sarl-comment-ca-marche\/\"},\"wordCount\":1628,\"commentCount\":18,\"publisher\":{\"@id\":\"https:\/\/www.legalvision.fr\/guides-juridiques\/#organization\"},\"image\":{\"@id\":\"https:\/\/www.legalvision.fr\/guides-juridiques\/sarl\/co-gerant-sarl-comment-ca-marche\/#primaryimage\"},\"thumbnailUrl\":\"https:\/\/www.legalvision.fr\/guides-juridiques\/wp-content\/uploads\/2019\/02\/co-g\u00e9rant-sarl.jpg\",\"articleSection\":[\"SARL\"],\"inLanguage\":\"fr-FR\",\"potentialAction\":[{\"@type\":\"CommentAction\",\"name\":\"Comment\",\"target\":[\"https:\/\/www.legalvision.fr\/guides-juridiques\/sarl\/co-gerant-sarl-comment-ca-marche\/#respond\"]}]},{\"@type\":\"WebPage\",\"@id\":\"https:\/\/www.legalvision.fr\/guides-juridiques\/sarl\/co-gerant-sarl-comment-ca-marche\/\",\"url\":\"https:\/\/www.legalvision.fr\/guides-juridiques\/sarl\/co-gerant-sarl-comment-ca-marche\/\",\"name\":\"Co-g\u00e9rant sarl : Tout comprendre sur la pluralit\u00e9 des g\u00e9rants\",\"isPartOf\":{\"@id\":\"https:\/\/www.legalvision.fr\/guides-juridiques\/#website\"},\"primaryImageOfPage\":{\"@id\":\"https:\/\/www.legalvision.fr\/guides-juridiques\/sarl\/co-gerant-sarl-comment-ca-marche\/#primaryimage\"},\"image\":{\"@id\":\"https:\/\/www.legalvision.fr\/guides-juridiques\/sarl\/co-gerant-sarl-comment-ca-marche\/#primaryimage\"},\"thumbnailUrl\":\"https:\/\/www.legalvision.fr\/guides-juridiques\/wp-content\/uploads\/2019\/02\/co-g\u00e9rant-sarl.jpg\",\"datePublished\":\"2019-02-22T06:30:20+00:00\",\"dateModified\":\"2023-11-16T15:12:37+00:00\",\"description\":\"Vous souhaitez devenir co-g\u00e9rant SARL ou alors vous envisagez d'en mettre en place dans votre soci\u00e9t\u00e9, alors venez comprendre l'essentiel sur cette notion.\",\"breadcrumb\":{\"@id\":\"https:\/\/www.legalvision.fr\/guides-juridiques\/sarl\/co-gerant-sarl-comment-ca-marche\/#breadcrumb\"},\"inLanguage\":\"fr-FR\",\"potentialAction\":[{\"@type\":\"ReadAction\",\"target\":[\"https:\/\/www.legalvision.fr\/guides-juridiques\/sarl\/co-gerant-sarl-comment-ca-marche\/\"]}]},{\"@type\":\"ImageObject\",\"inLanguage\":\"fr-FR\",\"@id\":\"https:\/\/www.legalvision.fr\/guides-juridiques\/sarl\/co-gerant-sarl-comment-ca-marche\/#primaryimage\",\"url\":\"https:\/\/www.legalvision.fr\/guides-juridiques\/wp-content\/uploads\/2019\/02\/co-g\u00e9rant-sarl.jpg\",\"contentUrl\":\"https:\/\/www.legalvision.fr\/guides-juridiques\/wp-content\/uploads\/2019\/02\/co-g\u00e9rant-sarl.jpg\",\"width\":958,\"height\":350,\"caption\":\"co-g\u00e9rant sarl\"},{\"@type\":\"BreadcrumbList\",\"@id\":\"https:\/\/www.legalvision.fr\/guides-juridiques\/sarl\/co-gerant-sarl-comment-ca-marche\/#breadcrumb\",\"itemListElement\":[{\"@type\":\"ListItem\",\"position\":1,\"name\":\"Accueil\",\"item\":\"https:\/\/www.legalvision.fr\/guides-juridiques\/\"},{\"@type\":\"ListItem\",\"position\":2,\"name\":\"SARL\",\"item\":\"https:\/\/www.legalvision.fr\/guides-juridiques\/sarl\/\"},{\"@type\":\"ListItem\",\"position\":3,\"name\":\"Ce qu&rsquo;il faut savoir de la co-g\u00e9rance d&rsquo;une SARL\"}]},{\"@type\":\"WebSite\",\"@id\":\"https:\/\/www.legalvision.fr\/guides-juridiques\/#website\",\"url\":\"https:\/\/www.legalvision.fr\/guides-juridiques\/\",\"name\":\"Guides juridiques\",\"description\":\"L&#039;information juridique \u00e0 destination des entreprises et TPE\",\"publisher\":{\"@id\":\"https:\/\/www.legalvision.fr\/guides-juridiques\/#organization\"},\"potentialAction\":[{\"@type\":\"SearchAction\",\"target\":{\"@type\":\"EntryPoint\",\"urlTemplate\":\"https:\/\/www.legalvision.fr\/guides-juridiques\/?s={search_term_string}\"},\"query-input\":{\"@type\":\"PropertyValueSpecification\",\"valueRequired\":true,\"valueName\":\"search_term_string\"}}],\"inLanguage\":\"fr-FR\"},{\"@type\":\"Organization\",\"@id\":\"https:\/\/www.legalvision.fr\/guides-juridiques\/#organization\",\"name\":\"Guides juridiques\",\"url\":\"https:\/\/www.legalvision.fr\/guides-juridiques\/\",\"logo\":{\"@type\":\"ImageObject\",\"inLanguage\":\"fr-FR\",\"@id\":\"https:\/\/www.legalvision.fr\/guides-juridiques\/#\/schema\/logo\/image\/\",\"url\":\"https:\/\/www.legalvision.fr\/guides-juridiques\/wp-content\/uploads\/2022\/10\/LV-Logotype.png\",\"contentUrl\":\"https:\/\/www.legalvision.fr\/guides-juridiques\/wp-content\/uploads\/2022\/10\/LV-Logotype.png\",\"width\":647,\"height\":125,\"caption\":\"Guides juridiques\"},\"image\":{\"@id\":\"https:\/\/www.legalvision.fr\/guides-juridiques\/#\/schema\/logo\/image\/\"}},{\"@type\":\"Person\",\"@id\":\"https:\/\/www.legalvision.fr\/guides-juridiques\/#\/schema\/person\/3d24d0c20575138ed212b2e4b6f7b4b0\",\"name\":\"William Lebrun\",\"image\":{\"@type\":\"ImageObject\",\"inLanguage\":\"fr-FR\",\"@id\":\"https:\/\/www.legalvision.fr\/guides-juridiques\/#\/schema\/person\/image\/\",\"url\":\"https:\/\/www.legalvision.fr\/guides-juridiques\/wp-content\/uploads\/2023\/07\/cropped-homme1-96x96.png\",\"contentUrl\":\"https:\/\/www.legalvision.fr\/guides-juridiques\/wp-content\/uploads\/2023\/07\/cropped-homme1-96x96.png\",\"caption\":\"William Lebrun\"},\"description\":\"B\u00e9n\u00e9ficiant de la formation d'un double dipl\u00f4me en droit des affaires et en \u00e9cole de commerce, j'ai un fort attrait pour le droit des soci\u00e9t\u00e9s. Je r\u00e9dige des articles pour vous aider sur vos probl\u00e9matiques.\",\"url\":\"https:\/\/www.legalvision.fr\/guides-juridiques\/author\/aina-rakoto\/\"}]}<\/script>\n<!-- \/ Yoast SEO plugin. -->","yoast_head_json":{"title":"Co-g\u00e9rant sarl : Tout comprendre sur la pluralit\u00e9 des g\u00e9rants","description":"Vous souhaitez devenir co-g\u00e9rant SARL ou alors vous envisagez d'en mettre en place dans votre soci\u00e9t\u00e9, alors venez comprendre l'essentiel sur cette notion.","robots":{"index":"index","follow":"follow","max-snippet":"max-snippet:-1","max-image-preview":"max-image-preview:large","max-video-preview":"max-video-preview:-1"},"canonical":"https:\/\/www.legalvision.fr\/guides-juridiques\/sarl\/co-gerant-sarl-comment-ca-marche\/","og_locale":"fr_FR","og_type":"article","og_title":"Co-g\u00e9rant sarl : Tout comprendre sur la pluralit\u00e9 des g\u00e9rants","og_description":"Vous souhaitez devenir co-g\u00e9rant SARL ou alors vous envisagez d'en mettre en place dans votre soci\u00e9t\u00e9, alors venez comprendre l'essentiel sur cette notion.","og_url":"https:\/\/www.legalvision.fr\/guides-juridiques\/sarl\/co-gerant-sarl-comment-ca-marche\/","og_site_name":"Guides juridiques","article_published_time":"2019-02-22T06:30:20+00:00","article_modified_time":"2023-11-16T15:12:37+00:00","og_image":[{"width":958,"height":350,"url":"https:\/\/www.legalvision.fr\/guides-juridiques\/wp-content\/uploads\/2019\/02\/co-g\u00e9rant-sarl.jpg","type":"image\/jpeg"}],"author":"William Lebrun","twitter_card":"summary_large_image","twitter_misc":{"\u00c9crit par":"William Lebrun","Dur\u00e9e de lecture estim\u00e9e":"7 minutes"},"schema":{"@context":"https:\/\/schema.org","@graph":[{"@type":"Article","@id":"https:\/\/www.legalvision.fr\/guides-juridiques\/sarl\/co-gerant-sarl-comment-ca-marche\/#article","isPartOf":{"@id":"https:\/\/www.legalvision.fr\/guides-juridiques\/sarl\/co-gerant-sarl-comment-ca-marche\/"},"author":{"name":"William Lebrun","@id":"https:\/\/www.legalvision.fr\/guides-juridiques\/#\/schema\/person\/3d24d0c20575138ed212b2e4b6f7b4b0"},"headline":"Ce qu&rsquo;il faut savoir de la co-g\u00e9rance d&rsquo;une SARL","datePublished":"2019-02-22T06:30:20+00:00","dateModified":"2023-11-16T15:12:37+00:00","mainEntityOfPage":{"@id":"https:\/\/www.legalvision.fr\/guides-juridiques\/sarl\/co-gerant-sarl-comment-ca-marche\/"},"wordCount":1628,"commentCount":18,"publisher":{"@id":"https:\/\/www.legalvision.fr\/guides-juridiques\/#organization"},"image":{"@id":"https:\/\/www.legalvision.fr\/guides-juridiques\/sarl\/co-gerant-sarl-comment-ca-marche\/#primaryimage"},"thumbnailUrl":"https:\/\/www.legalvision.fr\/guides-juridiques\/wp-content\/uploads\/2019\/02\/co-g\u00e9rant-sarl.jpg","articleSection":["SARL"],"inLanguage":"fr-FR","potentialAction":[{"@type":"CommentAction","name":"Comment","target":["https:\/\/www.legalvision.fr\/guides-juridiques\/sarl\/co-gerant-sarl-comment-ca-marche\/#respond"]}]},{"@type":"WebPage","@id":"https:\/\/www.legalvision.fr\/guides-juridiques\/sarl\/co-gerant-sarl-comment-ca-marche\/","url":"https:\/\/www.legalvision.fr\/guides-juridiques\/sarl\/co-gerant-sarl-comment-ca-marche\/","name":"Co-g\u00e9rant sarl : Tout comprendre sur la pluralit\u00e9 des g\u00e9rants","isPartOf":{"@id":"https:\/\/www.legalvision.fr\/guides-juridiques\/#website"},"primaryImageOfPage":{"@id":"https:\/\/www.legalvision.fr\/guides-juridiques\/sarl\/co-gerant-sarl-comment-ca-marche\/#primaryimage"},"image":{"@id":"https:\/\/www.legalvision.fr\/guides-juridiques\/sarl\/co-gerant-sarl-comment-ca-marche\/#primaryimage"},"thumbnailUrl":"https:\/\/www.legalvision.fr\/guides-juridiques\/wp-content\/uploads\/2019\/02\/co-g\u00e9rant-sarl.jpg","datePublished":"2019-02-22T06:30:20+00:00","dateModified":"2023-11-16T15:12:37+00:00","description":"Vous souhaitez devenir co-g\u00e9rant SARL ou alors vous envisagez d'en mettre en place dans votre soci\u00e9t\u00e9, alors venez comprendre l'essentiel sur cette notion.","breadcrumb":{"@id":"https:\/\/www.legalvision.fr\/guides-juridiques\/sarl\/co-gerant-sarl-comment-ca-marche\/#breadcrumb"},"inLanguage":"fr-FR","potentialAction":[{"@type":"ReadAction","target":["https:\/\/www.legalvision.fr\/guides-juridiques\/sarl\/co-gerant-sarl-comment-ca-marche\/"]}]},{"@type":"ImageObject","inLanguage":"fr-FR","@id":"https:\/\/www.legalvision.fr\/guides-juridiques\/sarl\/co-gerant-sarl-comment-ca-marche\/#primaryimage","url":"https:\/\/www.legalvision.fr\/guides-juridiques\/wp-content\/uploads\/2019\/02\/co-g\u00e9rant-sarl.jpg","contentUrl":"https:\/\/www.legalvision.fr\/guides-juridiques\/wp-content\/uploads\/2019\/02\/co-g\u00e9rant-sarl.jpg","width":958,"height":350,"caption":"co-g\u00e9rant sarl"},{"@type":"BreadcrumbList","@id":"https:\/\/www.legalvision.fr\/guides-juridiques\/sarl\/co-gerant-sarl-comment-ca-marche\/#breadcrumb","itemListElement":[{"@type":"ListItem","position":1,"name":"Accueil","item":"https:\/\/www.legalvision.fr\/guides-juridiques\/"},{"@type":"ListItem","position":2,"name":"SARL","item":"https:\/\/www.legalvision.fr\/guides-juridiques\/sarl\/"},{"@type":"ListItem","position":3,"name":"Ce qu&rsquo;il faut savoir de la co-g\u00e9rance d&rsquo;une SARL"}]},{"@type":"WebSite","@id":"https:\/\/www.legalvision.fr\/guides-juridiques\/#website","url":"https:\/\/www.legalvision.fr\/guides-juridiques\/","name":"Guides juridiques","description":"L&#039;information juridique \u00e0 destination des entreprises et TPE","publisher":{"@id":"https:\/\/www.legalvision.fr\/guides-juridiques\/#organization"},"potentialAction":[{"@type":"SearchAction","target":{"@type":"EntryPoint","urlTemplate":"https:\/\/www.legalvision.fr\/guides-juridiques\/?s={search_term_string}"},"query-input":{"@type":"PropertyValueSpecification","valueRequired":true,"valueName":"search_term_string"}}],"inLanguage":"fr-FR"},{"@type":"Organization","@id":"https:\/\/www.legalvision.fr\/guides-juridiques\/#organization","name":"Guides juridiques","url":"https:\/\/www.legalvision.fr\/guides-juridiques\/","logo":{"@type":"ImageObject","inLanguage":"fr-FR","@id":"https:\/\/www.legalvision.fr\/guides-juridiques\/#\/schema\/logo\/image\/","url":"https:\/\/www.legalvision.fr\/guides-juridiques\/wp-content\/uploads\/2022\/10\/LV-Logotype.png","contentUrl":"https:\/\/www.legalvision.fr\/guides-juridiques\/wp-content\/uploads\/2022\/10\/LV-Logotype.png","width":647,"height":125,"caption":"Guides juridiques"},"image":{"@id":"https:\/\/www.legalvision.fr\/guides-juridiques\/#\/schema\/logo\/image\/"}},{"@type":"Person","@id":"https:\/\/www.legalvision.fr\/guides-juridiques\/#\/schema\/person\/3d24d0c20575138ed212b2e4b6f7b4b0","name":"William Lebrun","image":{"@type":"ImageObject","inLanguage":"fr-FR","@id":"https:\/\/www.legalvision.fr\/guides-juridiques\/#\/schema\/person\/image\/","url":"https:\/\/www.legalvision.fr\/guides-juridiques\/wp-content\/uploads\/2023\/07\/cropped-homme1-96x96.png","contentUrl":"https:\/\/www.legalvision.fr\/guides-juridiques\/wp-content\/uploads\/2023\/07\/cropped-homme1-96x96.png","caption":"William Lebrun"},"description":"B\u00e9n\u00e9ficiant de la formation d'un double dipl\u00f4me en droit des affaires et en \u00e9cole de commerce, j'ai un fort attrait pour le droit des soci\u00e9t\u00e9s. Je r\u00e9dige des articles pour vous aider sur vos probl\u00e9matiques.","url":"https:\/\/www.legalvision.fr\/guides-juridiques\/author\/aina-rakoto\/"}]}},"_links":{"self":[{"href":"https:\/\/www.legalvision.fr\/guides-juridiques\/wp-json\/wp\/v2\/posts\/11399","targetHints":{"allow":["GET"]}}],"collection":[{"href":"https:\/\/www.legalvision.fr\/guides-juridiques\/wp-json\/wp\/v2\/posts"}],"about":[{"href":"https:\/\/www.legalvision.fr\/guides-juridiques\/wp-json\/wp\/v2\/types\/post"}],"author":[{"embeddable":true,"href":"https:\/\/www.legalvision.fr\/guides-juridiques\/wp-json\/wp\/v2\/users\/30"}],"replies":[{"embeddable":true,"href":"https:\/\/www.legalvision.fr\/guides-juridiques\/wp-json\/wp\/v2\/comments?post=11399"}],"version-history":[{"count":30,"href":"https:\/\/www.legalvision.fr\/guides-juridiques\/wp-json\/wp\/v2\/posts\/11399\/revisions"}],"predecessor-version":[{"id":41769,"href":"https:\/\/www.legalvision.fr\/guides-juridiques\/wp-json\/wp\/v2\/posts\/11399\/revisions\/41769"}],"wp:featuredmedia":[{"embeddable":true,"href":"https:\/\/www.legalvision.fr\/guides-juridiques\/wp-json\/wp\/v2\/media\/22320"}],"wp:attachment":[{"href":"https:\/\/www.legalvision.fr\/guides-juridiques\/wp-json\/wp\/v2\/media?parent=11399"}],"wp:term":[{"taxonomy":"category","embeddable":true,"href":"https:\/\/www.legalvision.fr\/guides-juridiques\/wp-json\/wp\/v2\/categories?post=11399"},{"taxonomy":"post_tag","embeddable":true,"href":"https:\/\/www.legalvision.fr\/guides-juridiques\/wp-json\/wp\/v2\/tags?post=11399"}],"curies":[{"name":"wp","href":"https:\/\/api.w.org\/{rel}","templated":true}]}}