{"id":11220,"date":"2019-02-21T07:00:08","date_gmt":"2019-02-21T06:00:08","guid":{"rendered":"https:\/\/blog.legalvision.fr\/?p=11220"},"modified":"2024-06-18T10:19:25","modified_gmt":"2024-06-18T08:19:25","slug":"depart-a-la-retraite-d-un-gerant-de-sarl-risques-a-eviter","status":"publish","type":"post","link":"https:\/\/www.legalvision.fr\/guides-juridiques\/sarl\/depart-a-la-retraite-d-un-gerant-de-sarl-risques-a-eviter\/","title":{"rendered":"Quels risques \u00e9viter lors du d\u00e9part \u00e0 la retraite d&rsquo;un G\u00e9rant de SARL ?"},"content":{"rendered":"\t\t<div data-elementor-type=\"wp-post\" data-elementor-id=\"11220\" class=\"elementor elementor-11220\" data-elementor-post-type=\"post\">\n\t\t\t\t<div data-particle_enable=\"false\" data-particle-mobile-disabled=\"false\" class=\"elementor-element elementor-element-ca50044 e-flex e-con-boxed e-con e-parent\" data-id=\"ca50044\" data-element_type=\"container\" data-e-type=\"container\">\n\t\t\t\t\t<div class=\"e-con-inner\">\n\t\t\t\t<div class=\"elementor-element elementor-element-85a0b15 elementor-widget elementor-widget-text-editor\" data-id=\"85a0b15\" data-element_type=\"widget\" data-e-type=\"widget\" data-widget_type=\"text-editor.default\">\n\t\t\t\t<div class=\"elementor-widget-container\">\n\t\t\t\t\t\t\t\t\t<p style=\"line-height: var(--wp--typography--line-height,var(--global--line-height-body)); font-family: var(--e-global-typography-primary-font-family);\">Lorsqu&rsquo;on parle du&nbsp;<span style=\"font-weight: bold;\">d\u00e9part \u00e0 la retraite d&rsquo;un g\u00e9rant de SARL<\/span>&nbsp;on pense tout de suite \u00e0 son r\u00e9gime social ou fiscal. Cette situation peut pr\u00eater \u00e0 confusion.&nbsp;Pourtant, il est&nbsp;important de savoir comment se passe le d\u00e9part \u00e0 la retraite d&rsquo;un g\u00e9rant de SARL que \u00e7a soit lors de la cr\u00e9ation d&rsquo;une SARL ou la&nbsp;<a href=\"https:\/\/blog.legalvision.fr\/2018\/06\/18\/nomination-d-un-nouveau-gerant-sarl\/\">nomination d&rsquo;un g\u00e9rant de SARL<\/a>.<\/p>\n<p style=\"line-height: var(--wp--typography--line-height,var(--global--line-height-body)); font-family: var(--e-global-typography-primary-font-family);\">Ainsi&nbsp;il convient de rappeler que si la fonction de g\u00e9rant n&rsquo;est pas une fonction de salari\u00e9, il b\u00e9n\u00e9ficie d&rsquo;un droit \u00e0 la retraite. Cependant le r\u00e9gime du g\u00e9rant de SARL n&rsquo;est pas le m\u00eame pour tous.<\/p>\n<p style=\"line-height: var(--wp--typography--line-height,var(--global--line-height-body)); font-family: var(--e-global-typography-primary-font-family);\">En effet lors du <a href=\"https:\/\/www.neoviaretraite.fr\/profils\/retraites-des-dirigeants\/\">d\u00e9part \u00e0 la retraite d&rsquo;un chef d&rsquo;entreprise<\/a>, on remarque que tous n&rsquo;ont pas le m\u00eame r\u00e9gime et les m\u00eames droits.<\/p>\n<div class=\"wp-block-button\" style=\"text-align: left;\">Dans cet article, LegalVision met \u00e0 votre service son expertise juridique pour vous aider \u00e0 tout comprendre sur ce sujet. Vous trouverez ci-dessous un r\u00e9sum\u00e9 des points essentiels \u00e0 retenir :<\/div>\n<div class=\"wp-block-button\" style=\"text-align: left;\">&nbsp;<\/div>\n<p style=\"line-height: var(--wp--typography--line-height,var(--global--line-height-body)); font-family: var(--e-global-typography-primary-font-family);\"><span style=\"font-weight: bold;\">I\/ Le droit du g\u00e9rant non salari\u00e9 retrait\u00e9<\/span><br><span style=\"font-weight: bold;\">II\/ Evaluations de la participation<\/span><br><span style=\"font-weight: bold;\">III\/ Le r\u00e9gime social du g\u00e9rant de SARL<\/span><br><span style=\"font-weight: bold;\">IV\/ Les droits d&rsquo;un g\u00e9rant de SARL qui part \u00e0 la retraite<\/span><\/p>\t\t\t\t\t\t\t\t<\/div>\n\t\t\t\t<\/div>\n\t\t\t\t\t<\/div>\n\t\t\t\t<\/div>\n\t\t<div data-particle_enable=\"false\" data-particle-mobile-disabled=\"false\" class=\"elementor-element elementor-element-66fdeb8a e-flex e-con-boxed e-con e-parent\" data-id=\"66fdeb8a\" data-element_type=\"container\" data-e-type=\"container\">\n\t\t\t\t\t<div class=\"e-con-inner\">\n\t\t\t\t<div class=\"elementor-element elementor-element-7d6d0630 elementor-widget elementor-widget-heading\" data-id=\"7d6d0630\" data-element_type=\"widget\" data-e-type=\"widget\" data-widget_type=\"heading.default\">\n\t\t\t\t<div class=\"elementor-widget-container\">\n\t\t\t\t\t<h2 class=\"elementor-heading-title elementor-size-default\">Nos outils pour vous aider : <\/h2>\t\t\t\t<\/div>\n\t\t\t\t<\/div>\n\t\t\t\t\t<\/div>\n\t\t\t\t<\/div>\n\t\t<div data-particle_enable=\"false\" data-particle-mobile-disabled=\"false\" class=\"elementor-element elementor-element-7272ef34 e-flex e-con-boxed e-con e-parent\" data-id=\"7272ef34\" data-element_type=\"container\" data-e-type=\"container\">\n\t\t\t\t\t<div class=\"e-con-inner\">\n\t\t<div data-particle_enable=\"false\" data-particle-mobile-disabled=\"false\" class=\"elementor-element elementor-element-131acccd e-con-full e-flex e-con e-child\" data-id=\"131acccd\" data-element_type=\"container\" data-e-type=\"container\">\n\t\t\t\t<div class=\"elementor-element elementor-element-56bba709 elementor-widget elementor-widget-button\" data-id=\"56bba709\" data-element_type=\"widget\" data-e-type=\"widget\" data-widget_type=\"button.default\">\n\t\t\t\t<div class=\"elementor-widget-container\">\n\t\t\t\t\t\t\t\t\t<div class=\"elementor-button-wrapper\">\n\t\t\t\t\t<a class=\"elementor-button elementor-button-link elementor-size-sm\" href=\"https:\/\/leonard.fr\/juridique\/modification-societe\/ajouter-ou-changer-un-dirigeant\/?utm_source=Blog&#038;utm_medium=CTA&#038;utm_campaign=retraite_gerant&#038;utm_id=dirigeant_blog\" target=\"_blank\">\n\t\t\t\t\t\t<span class=\"elementor-button-content-wrapper\">\n\t\t\t\t\t\t\t\t\t<span class=\"elementor-button-text\">Modifiez la direction de votre soci\u00e9t\u00e9<\/span>\n\t\t\t\t\t<\/span>\n\t\t\t\t\t<\/a>\n\t\t\t\t<\/div>\n\t\t\t\t\t\t\t\t<\/div>\n\t\t\t\t<\/div>\n\t\t\t\t<\/div>\n\t\t<div data-particle_enable=\"false\" data-particle-mobile-disabled=\"false\" class=\"elementor-element elementor-element-203c87cd e-con-full e-flex e-con e-child\" data-id=\"203c87cd\" data-element_type=\"container\" data-e-type=\"container\">\n\t\t\t\t<div class=\"elementor-element elementor-element-4dbe0cc3 elementor-widget elementor-widget-button\" data-id=\"4dbe0cc3\" data-element_type=\"widget\" data-e-type=\"widget\" data-widget_type=\"button.default\">\n\t\t\t\t<div class=\"elementor-widget-container\">\n\t\t\t\t\t\t\t\t\t<div class=\"elementor-button-wrapper\">\n\t\t\t\t\t<a class=\"elementor-button elementor-button-link elementor-size-sm\" href=\"https:\/\/meetings.hubspot.com\/global\/leonard-rendez-vous-gratuit-avec-un-juriste?utm_source=Blog&#038;utm_medium=CTA&#038;utm_campaign=retraite_gerant&#038;utm_id=dirigeant_blog\" target=\"_blank\">\n\t\t\t\t\t\t<span class=\"elementor-button-content-wrapper\">\n\t\t\t\t\t\t\t\t\t<span class=\"elementor-button-text\">Soyez rappel\u00e9 par un juriste gratuitement<\/span>\n\t\t\t\t\t<\/span>\n\t\t\t\t\t<\/a>\n\t\t\t\t<\/div>\n\t\t\t\t\t\t\t\t<\/div>\n\t\t\t\t<\/div>\n\t\t\t\t<\/div>\n\t\t<div data-particle_enable=\"false\" data-particle-mobile-disabled=\"false\" class=\"elementor-element elementor-element-715ba26c e-con-full e-flex e-con e-child\" data-id=\"715ba26c\" data-element_type=\"container\" data-e-type=\"container\">\n\t\t\t\t<div class=\"elementor-element elementor-element-5887eedf elementor-widget elementor-widget-button\" data-id=\"5887eedf\" data-element_type=\"widget\" data-e-type=\"widget\" data-widget_type=\"button.default\">\n\t\t\t\t<div class=\"elementor-widget-container\">\n\t\t\t\t\t\t\t\t\t<div class=\"elementor-button-wrapper\">\n\t\t\t\t\t<a class=\"elementor-button elementor-button-link elementor-size-sm\" href=\"https:\/\/share.hsforms.com\/1MCz4iJkPSsaIbYWlbzl6vw1oyza?utm_source=Blog&#038;utm_medium=CTA&#038;utm_campaign=retraite_gerant&#038;utm_id=dirigeant_blog\" target=\"_blank\">\n\t\t\t\t\t\t<span class=\"elementor-button-content-wrapper\">\n\t\t\t\t\t\t\t\t\t<span class=\"elementor-button-text\">Publiez votre annonce l\u00e9gale<\/span>\n\t\t\t\t\t<\/span>\n\t\t\t\t\t<\/a>\n\t\t\t\t<\/div>\n\t\t\t\t\t\t\t\t<\/div>\n\t\t\t\t<\/div>\n\t\t\t\t<\/div>\n\t\t\t\t\t<\/div>\n\t\t\t\t<\/div>\n\t\t\t\t<section data-particle_enable=\"false\" data-particle-mobile-disabled=\"false\" class=\"elementor-section elementor-top-section elementor-element elementor-element-39953d3b elementor-section-boxed elementor-section-height-default elementor-section-height-default\" data-id=\"39953d3b\" data-element_type=\"section\" data-e-type=\"section\">\n\t\t\t\t\t\t<div class=\"elementor-container elementor-column-gap-default\">\n\t\t\t\t\t<div class=\"elementor-column elementor-col-100 elementor-top-column elementor-element elementor-element-6571c94d\" data-id=\"6571c94d\" data-element_type=\"column\" data-e-type=\"column\">\n\t\t\t<div class=\"elementor-widget-wrap elementor-element-populated\">\n\t\t\t\t\t\t<div class=\"elementor-element elementor-element-464cfd16 elementor-widget elementor-widget-text-editor\" data-id=\"464cfd16\" data-element_type=\"widget\" data-e-type=\"widget\" data-widget_type=\"text-editor.default\">\n\t\t\t\t<div class=\"elementor-widget-container\">\n\t\t\t\t\t\t\t\t\t<h2><b><br><\/b><\/h2><h2><b>Les diff\u00e9rents statuts du g\u00e9rant d\u2019une SARL&nbsp;<\/b><\/h2>\n<p><span style=\"font-weight: 400;\">La soci\u00e9t\u00e9 \u00e0 responsabilit\u00e9 limit\u00e9e (SARL) est une soci\u00e9t\u00e9 commerciale dans laquelle la <\/span><b>responsabilit\u00e9 des associ\u00e9s est limit\u00e9e \u00e0 la hauteur de leurs apports respectifs<\/b><span style=\"font-weight: 400;\">. Elle est compos\u00e9e d\u2019au moins <\/span><b>deux associ\u00e9<\/b><span style=\"font-weight: 400;\">s sans que ce nombre ne puisse d\u00e9passer <\/span><b>100 associ\u00e9s.<\/b><\/p>\n<p><span style=\"font-weight: 400;\">La SARL offre de nombreux avantages et est, de ce fait, est une forme de soci\u00e9t\u00e9 tr\u00e8s sollicit\u00e9e en France, elle repr\u00e9sente environ 30 % des entreprises.&nbsp;<\/span><\/p>\n<p><span style=\"font-weight: 400;\">Elle permet notamment d\u2019offrir une s\u00e9curit\u00e9 juridique par le biais des statuts de la SARL, de limiter la responsabilit\u00e9 des associ\u00e9s \u00e0 concurrence de leurs apports respectifs, d\u2019avoir un r\u00e9gime fiscal flexible (IS ou IR pendant les cinq premi\u00e8res ann\u00e9es).&nbsp;<\/span><\/p>\n<h3><span style=\"font-weight: 400;\">&nbsp;<\/span><\/h3>\n<h3><span style=\"font-weight: 400;\">Le statut social du g\u00e9rant d\u2019une SARL&nbsp;<\/span><\/h3>\n<p><span style=\"font-weight: 400;\">La direction de la SARL est assur\u00e9e par un ou plusieurs <\/span><b>g\u00e9rants<\/b><span style=\"font-weight: 400;\">. Les g\u00e9rants exercent un \u00ab mandat social \u00bb, car ils sont les repr\u00e9sentants l\u00e9gaux de la soci\u00e9t\u00e9. La SARL est d\u00e9tenue par plusieurs <\/span><b>associ\u00e9s<\/b><span style=\"font-weight: 400;\"> (au moins deux associ\u00e9s). Les qualit\u00e9s de g\u00e9rant et d\u2019associ\u00e9 peuvent \u00eatre cumul\u00e9es.<\/span><\/p>\n<p><span style=\"font-weight: 400;\">Il est \u00e9galement possible d\u2019\u00eatre g\u00e9rant et salari\u00e9 d\u2019une SARL (ou d\u2019une EURL). <\/span><span style=\"font-weight: 400;\">Il faut pr\u00e9alablement pr\u00e9ciser que si l&rsquo;entrepreneuriat est ouvert aux salari\u00e9s, il faut n\u00e9anmoins rappeler qu\u2019il existe des emp\u00eachements. Il faut donc commencer par ces situations qui peuvent entraver cet exercice avant de regarder les conditions de validit\u00e9.&nbsp;<\/span><\/p>\n<p><span style=\"font-weight: 400;\">Il existe notamment des restrictions l\u00e9gales ou contractuelles qui peuvent emp\u00eacher ce statut. Il est possible de citer l\u2019obligation de loyaut\u00e9 du salari\u00e9 envers son employeur, les clauses d\u2019exclusivit\u00e9 ou les clauses de non-concurrence.&nbsp;<\/span><\/p>\n<p><span style=\"font-weight: 400;\">L\u2019emploi salari\u00e9 que va occuper le g\u00e9rant doit \u00eatre r\u00e9el afin d\u2019\u00e9viter toute fraude. Ainsi, le contrat de travail doit imp\u00e9rativement se rapporter \u00e0 un <\/span><b>emploi effectif ind\u00e9pendant du mandat social<\/b><span style=\"font-weight: 400;\">.<\/span><\/p>\n<p><span style=\"font-weight: 400;\">Autrement dit, les <\/span><b>fonctions techniques<\/b><span style=\"font-weight: 400;\"> qu\u2019exercera le g\u00e9rant d\u2019EURL\/SARL au titre de son <\/span><b>contrat de travail<\/b><span style=\"font-weight: 400;\"> devront \u00eatre pr\u00e9cises et sp\u00e9cifiques. L\u2019objectif est qu\u2019elles soient bien <\/span><b>distinguables des attributions exerc\u00e9es au titre de la g\u00e9rance<\/b><span style=\"font-weight: 400;\">. Par exemple, le g\u00e9rant pourra, au titre de son contrat de travail, se voir confier un poste de commercial.<\/span><\/p>\n<p><span style=\"font-weight: 400;\">Le mandataire-salari\u00e9 doit imp\u00e9rativement \u00eatre plac\u00e9 dans un \u00e9tat de subordination \u00e0 l\u2019\u00e9gard de la soci\u00e9t\u00e9.<\/span><\/p>\n<p><span style=\"font-weight: 400;\">Ensuite, <\/span><b>la r\u00e9mun\u00e9ration que le g\u00e9rant per\u00e7oit au titre de son contrat de travail doit \u00eatre distincte de celle du mandat de g\u00e9rant<\/b><span style=\"font-weight: 400;\">. Celle-ci devra par ailleurs<\/span><b> correspondre \u00e0 l\u2019emploi occup\u00e9<\/b><span style=\"font-weight: 400;\">.<\/span><\/p>\n<h3><span style=\"font-weight: 400;\">&nbsp;<\/span><\/h3>\n<h3><span style=\"font-weight: 400;\">G\u00e9rant minoritaire ou g\u00e9rant majoritaire d\u2019une SARL&nbsp;<\/span><\/h3>\n<p><span style=\"font-weight: 400;\">Le g\u00e9rant <\/span><b>minoritaire <\/b><span style=\"font-weight: 400;\">d\u2019une SARL a un statut social protecteur, \u00e0 savoir le r\u00e9gime social des<\/span><b> assimil\u00e9s-salari\u00e9s.<\/b><span style=\"font-weight: 400;\"> Ce r\u00e9gime leur permet de b\u00e9n\u00e9ficier du droit au r\u00e9gime de s\u00e9curit\u00e9 sociale et de retraite des salari\u00e9s. <\/span><span style=\"font-weight: 400;\">La personne qui cumule les <\/span><b>qualit\u00e9s de g\u00e9rant et d\u2019associ\u00e9 minoritaire de SARL<\/b><span style=\"font-weight: 400;\"> pourra en plus \u00eatre salari\u00e9 de la soci\u00e9t\u00e9.<\/span><\/p>\n<p><span style=\"font-weight: 400;\">Le g\u00e9rant <\/span><b>majoritaire <\/b><span style=\"font-weight: 400;\">d\u2019une SARL a le statut de<\/span><b> travailleur non-salari\u00e9 <\/b><span style=\"font-weight: 400;\">(TNS) qui est affili\u00e9 au r\u00e9gime social des ind\u00e9pendants (RSI). Ce statut est moins protecteur pour lui, mais est toutefois moins co\u00fbteux quant aux cotisations sociales. <\/span><span style=\"font-weight: 400;\">La personne qui cumule les <\/span><b>qualit\u00e9s de g\u00e9rant et d\u2019associ\u00e9 minoritaire de SARL<\/b><span style=\"font-weight: 400;\"> pourra en plus \u00eatre salari\u00e9 de la soci\u00e9t\u00e9.<\/span><\/p>\n<h3><span style=\"font-weight: 400;\">&nbsp;<\/span><\/h3>\n<h3><span style=\"font-weight: 400;\">Le g\u00e9rant assimil\u00e9 salari\u00e9<\/span><\/h3>\n<p><span style=\"font-weight: 400;\">Le g\u00e9rant est investi d\u2019un pouvoir d\u2019administration et peut prendre des d\u00e9cisions de mani\u00e8re ind\u00e9pendante concernant le fonctionnement de la soci\u00e9t\u00e9 et agir au nom de l\u2019entreprise.&nbsp;<\/span><\/p>\n<p><span style=\"font-weight: 400;\">Les g\u00e9rants qui seront assimil\u00e9s salari\u00e9s sont, par exemple :&nbsp;<\/span><\/p>\n<ul>\n<li style=\"font-weight: 400;\" aria-level=\"1\"><span style=\"font-weight: 400;\">Le g\u00e9rant minoritaire ou \u00e9galitaire d\u2019une SARL ;&nbsp;<\/span><\/li>\n<li style=\"font-weight: 400;\" aria-level=\"1\"><span style=\"font-weight: 400;\">Le g\u00e9rant non associ\u00e9 (pour les soci\u00e9t\u00e9 de personne) ;&nbsp;<\/span><\/li>\n<li style=\"font-weight: 400;\" aria-level=\"1\"><span style=\"font-weight: 400;\">Le g\u00e9rant tiers non assimilable \u00e0 un associ\u00e9 unique pour une EURL.&nbsp;<\/span><\/li>\n<\/ul>\n<p><span style=\"font-weight: 400;\">Ce g\u00e9rant assimil\u00e9 salari\u00e9 peut b\u00e9n\u00e9ficier d\u2019une protection sociale similaire \u00e0 celle que per\u00e7oit un salari\u00e9 de droit priv\u00e9 (affili\u00e9 au r\u00e9gime g\u00e9n\u00e9ral de la s\u00e9curit\u00e9 sociale, offrant un droit \u00e0 la retraite identique). Ces g\u00e9rants assimil\u00e9s salari\u00e9s b\u00e9n\u00e9ficie donc d\u2019une meilleure protection que les travailleurs non salari\u00e9s.&nbsp;<\/span><\/p>\n<h2 id=\"I\">&nbsp;<\/h2>\n<h2 id=\"I\">I\/ Le droit du g\u00e9rant non salari\u00e9 retrait\u00e9<\/h2>\n<p>La premi\u00e8re question qui vient est \u00ab\u00a0peut-on \u00eatre g\u00e9rant et retrait\u00e9\u00a0\u00bb ? La r\u00e9ponse est oui.<\/p>\n<p>Cependant lorsque l&rsquo;on parle de&nbsp;d\u00e9part \u00e0 la retraite d&rsquo;un g\u00e9rant de SARL, on ne parle pas forc\u00e9ment d&rsquo;un g\u00e9rant salari\u00e9 ou d&rsquo;un retrait\u00e9 g\u00e9rant. Notons qu&rsquo;aucune de ces situations n&rsquo;est incompatible.<\/p>\n<p>En effet, pour rappel, le g\u00e9rant de SARL peut \u00eatre li\u00e9 \u00e0 un contrat de travail. Cependant il peut aussi toucher une r\u00e9mun\u00e9ration sans rapport avec un contrat de travail. La r\u00e9mun\u00e9ration de la g\u00e9rance&nbsp;est, dans une certaine mesure, la r\u00e8gle et l&rsquo;absence de r\u00e9mun\u00e9ration l&rsquo;exception.<\/p>\n<p>Ainsi si le r\u00e9gime fiscal des g\u00e9rants de SARL est uniforme, le r\u00e9gime social a la particularit\u00e9 de varier.<\/p>\n<p>En effet selon que dirigeant de SARL soit un g\u00e9rant majoritaire, \u00e9galitaire ou minoritaire, le r\u00e9gime va varier.<\/p>\n<h2 id=\"II\">&nbsp;<\/h2>\n<h2 id=\"II\">II\/ Evaluations de la participation<\/h2>\n<p>Lorsque l&rsquo;on parle de g\u00e9rant majoritaire, \u00e9galitaire ou minoritaire, on parle de la participation au capital du g\u00e9rant. C\u2019est-\u00e0-dire des parts sociales que d\u00e9tient le dirigeant par rapport au nombre de parts total de la soci\u00e9t\u00e9.<\/p>\n<p>Dans la d\u00e9termination du r\u00e9gime social, on regarde aussi l&rsquo;appartenance \u00e0 un coll\u00e8ge de g\u00e9rance majoritaire, \u00e9galitaire ou minoritaire. C&rsquo;est \u00e0 dire lorsqu&rsquo;une soci\u00e9t\u00e9&nbsp;a plusieurs g\u00e9rants alors m\u00eame si ceux-ci sont minoritaires individuellement, si ensemble ils ont plus de 50%, c&rsquo;est un coll\u00e8ge majoritaire.<\/p>\n<p style=\"text-align: left;\"><b><em>Exemple<\/em><\/b><em>&nbsp;: Une cog\u00e9rance le premier g\u00e9rant dispose de 25% des parts sociales et le second 30 % des parts sociales.<\/em><\/p>\n<p style=\"text-align: left;\"><em>Les deux g\u00e9rants sont individuellement minoritaires. <\/em><\/p>\n<p style=\"text-align: left;\"><em>Mais ensemble ils ont plus 50% des parts (25 + 30 =55%&gt;50%). <\/em><\/p>\n<p style=\"text-align: left;\"><em>C&rsquo;est un coll\u00e8ge majoritaire.<\/em><\/p>\n<p>Dans le calcul de la majorit\u00e9 (m\u00eame du coll\u00e8ge), il est pris en compte :<\/p>\n<ul>\n<li>Les parts d\u00e9tenues en pleine propri\u00e9t\u00e9s.<\/li>\n<li>Et, les parts d\u00e9tendues en usufruit par le g\u00e9rant, son conjoint, les partenaires de PACS, ainsi que par les enfants non \u00e9mancip\u00e9s.<\/li>\n<\/ul>\n<p style=\"text-align: left;\"><b><em>Exemple<\/em><\/b><em>&nbsp;: Un g\u00e9rant unique dispose de 25% des parts sociales et son conjoint 30% des parts sociales.<\/em><\/p>\n<p style=\"text-align: left;\"><em>Le g\u00e9rant n&rsquo;est pas majoritaire.<\/em><\/p>\n<p style=\"text-align: left;\"><em>Cependant, dans le calcul r\u00e9el de la participation, il est g\u00e9rant majoritaire.<\/em><\/p>\n<p style=\"text-align: left;\"><em>En effet on prend en compte les parts de son conjoint dans sa participation (25 + 30 = 55%&gt;50%).<\/em><\/p>\n<h2 id=\"III\">&nbsp;<\/h2>\n<h2 id=\"III\">III\/ Le r\u00e9gime social du g\u00e9rant de SARL<\/h2>\n<p>Une fois la participation \u00e9tablie on distingue 2 r\u00e9gimes diff\u00e9rents :<\/p>\n<ul>\n<li><a href=\"https:\/\/blog.legalvision.fr\/2018\/03\/28\/gerant-majoritaire-sarl\/\">Le r\u00e9gime social du g\u00e9rant majoritaire<\/a><\/li>\n<li>Le r\u00e9gime social du g\u00e9rant \u00e9galitaire ou minoritaire ou&nbsp;<a href=\"https:\/\/blog.legalvision.fr\/2018\/02\/28\/dirigeant-non-associe\/\">g\u00e9rant de SARL non associ\u00e9<\/a>.<\/li>\n<\/ul>\n<h3>&nbsp;<\/h3>\n<h3>A) RSI&nbsp;g\u00e9rant majoritaire retraite<\/h3>\n<p>Les g\u00e9rants majoritaires ou membres d&rsquo;un coll\u00e8ge de g\u00e9rance majoritaire ne sont&nbsp;ainsi pas assujettis au r\u00e9gime de s\u00e9curit\u00e9 social des salari\u00e9s.&nbsp;En effet r\u00e9mun\u00e9r\u00e9s ou non, ils sont obligatoirement assujettis \u00e0 la&nbsp;<a href=\"https:\/\/www.economie.gouv.fr\/entreprises\/tout-savoir-sur-securite-sociale-des-independants\">s\u00e9curit\u00e9 sociale pour les ind\u00e9pendants<\/a>&nbsp;(SSI) ou anciennement&nbsp;r\u00e9gime social des ind\u00e9pendants (RSI).<\/p>\n<p>En effet, depuis le 1er&nbsp;janvier 2018, la protection sociale des ind\u00e9pendants n\u2019est plus g\u00e9r\u00e9e par le RSI, mais&nbsp;par le r\u00e9gime g\u00e9n\u00e9ral de la S\u00e9curit\u00e9 sociale.<\/p>\n<p>Cependant, le changement du RSI en&nbsp;s\u00e9curit\u00e9 sociale pour les ind\u00e9pendants n&rsquo;a pas d&rsquo;incidence en 2019.<\/p>\n<h4>&nbsp;<\/h4>\n<h4>1) Cotisation retraite g\u00e9rant SARL majoritaire<\/h4>\n<p>On distingue au SSI 2 types de retraites :&nbsp;La retraite de base&nbsp;et la&nbsp;retraite compl\u00e9mentaire.<\/p>\n<ul>\n<li><b>Taux de cotisation retraite de base<\/b>&nbsp;:<\/li>\n<\/ul>\n<p>Pour la retraite de base,&nbsp;la base de calcul du&nbsp;taux de cotisation va varier en fonction du revenu professionnel annuel pour une SARL assujettis \u00e0 l&rsquo;imp\u00f4t sur les b\u00e9n\u00e9fices (IS). Notons que pour une EURL, avec l&rsquo;imp\u00f4t sur le revenu (IR) par d\u00e9faut), il se calculera sur la base des b\u00e9n\u00e9fices nets.<\/p>\n<p>Pour les<b>&nbsp;<\/b>revenus professionnels allant jusqu\u2019\u00e0&nbsp;40 524 \u20ac, le taux de cotisation retraite de base SSI s&rsquo;\u00e9l\u00e8ve \u00e0&nbsp;17.5%.<\/p>\n<p>Au del\u00e0&nbsp;de&nbsp;40 524 \u20ac,&nbsp;&nbsp;le taux de cotisation retraite de base SSI s\u2019\u00e9l\u00e8ve \u00e0 0.60% des&nbsp;&nbsp;revenus professionnels.<\/p>\n<ul>\n<li><b>Taux de cotisation retraite compl\u00e9mentaire<\/b>&nbsp;:<\/li>\n<\/ul>\n<p>Pour les<b>&nbsp;<\/b>revenus professionnels allant jusqu\u2019\u00e0&nbsp;37 960 \u20ac, le taux de cotisation&nbsp;retraite compl\u00e9mentaire&nbsp;s\u2019\u00e9l\u00e8ve \u00e0&nbsp;7&nbsp;%.<\/p>\n<p>Pour les&nbsp;revenus professionnels&nbsp;compris entre 37 960 \u20ac et 162 096 \u20ac,&nbsp;le taux de cotisation retraite&nbsp;compl\u00e9mentaire&nbsp; s\u2019\u00e9l\u00e8ve&nbsp;\u00e0&nbsp;8&nbsp;%.<\/p>\n<ul>\n<li><b>Taux de cotisation g\u00e9rant majoritaire non r\u00e9mun\u00e9r\u00e9 :<\/b><\/li>\n<\/ul>\n<p>Les assujettis \u00e0 la SSI, m\u00eame en l&rsquo;absence de r\u00e9mun\u00e9ration vont devoir s&rsquo;affranchir d&rsquo;une cotisation minimum.<\/p>\n<p>Ainsi pour la retraite de base, celui-ci correspond \u00e0&nbsp;811\u20ac par an.<\/p>\n<h4>&nbsp;<\/h4>\n<h4>2) Base de calcul du revenu professionnel<\/h4>\n<p>=&nbsp;<a href=\"https:\/\/blog.legalvision.fr\/2018\/03\/20\/remuneration-gerant-sarl\/\">R\u00e9mun\u00e9ration du g\u00e9rant&nbsp;SARL<\/a>&nbsp;+ Les dividendes exc\u00e9dant 10% du total (participation au capital du g\u00e9rant+Prime d&rsquo;\u00e9mission +<a href=\"https:\/\/blog.legalvision.fr\/2018\/08\/20\/convention-de-remuneration-de-compte-courant-d-associe\/\">r\u00e9mun\u00e9ration du compte courant associer<\/a>).<\/p>\n<p style=\"text-align: left;\"><em>Exemple :&nbsp;<\/em><\/p>\n<p style=\"text-align: left;\"><em>Participation au capital du g\u00e9rant : 60% (majoritaire). R\u00e9mun\u00e9ration brut annuelle = 40 0000\u20ac.<\/em><\/p>\n<p style=\"text-align: left;\"><em>Dividendes per\u00e7u par le g\u00e9rant = 10 000.<\/em><\/p>\n<p style=\"text-align: left;\"><em>Capital social : 20 000 \u20ac donc Participation du g\u00e9rant =60% de 20 000 = 12 000\u20ac.<\/em><\/p>\n<p style=\"text-align: left;\"><em>Prime d\u2019\u00e9mission 6000\u20ac et&nbsp;soldes moyen du compte courant associ\u00e9 =5000\u20ac.<\/em><\/p>\n<p style=\"text-align: left;\"><em>Donc : participation au capital social du g\u00e9rant +&nbsp;Prime d\u2019\u00e9mission +&nbsp;soldes moyen du compte courant associ\u00e9<\/em><\/p>\n<p style=\"text-align: left;\"><em>=&nbsp; 12 0000 + 6000 + 5000 = 23 000. 10% de 23 000 = 2300.<\/em><\/p>\n<p style=\"text-align: left;\"><em>Les dividendes pris en compte pour les charges SSI = 10 000 -2300 = 7700\u20ac<\/em><\/p>\n<p style=\"text-align: left;\"><em>Revenu professionnel =40 000+ 7700\u20ac = 47700\u20ac.<\/em><\/p>\n<h3>&nbsp;<\/h3>\n<h3>B) Le g\u00e9rant \u00e9galitaire, minoritaire ou non associ\u00e9<\/h3>\n<h4>1) Le r\u00e9gime applicable<\/h4>\n<p>Si les g\u00e9rants est \u00e9galitaire, minoritaire, membre d&rsquo;un coll\u00e8ge \u00e9galitaire ou minoritaire ou alors s&rsquo;il est non associ\u00e9, alors il est obligatoirement affil\u00e9 au r\u00e9gime&nbsp;g\u00e9n\u00e9ral de s\u00e9curit\u00e9 sociale.<\/p>\n<h4>&nbsp;<\/h4>\n<h4>2) Cotisation retraite g\u00e9rant SARL non majoritaire<\/h4>\n<p>Comme ils sont affil\u00e9s au r\u00e9gime g\u00e9n\u00e9ral de s\u00e9curit\u00e9 social, pour les g\u00e9rants non majoritaire, le taux de cotisations est ainsi \u00e9tablit en fonction de la <b>tranche de r\u00e9mun\u00e9ration du dirigean<\/b>t.<\/p>\n<p>Contrairement au r\u00e9gime de la SSI, il n&rsquo;y a aucune cotisation minimale.<\/p>\n<h2 id=\"IV\">&nbsp;<\/h2>\n<h2 id=\"IV\">IV\/ Les droits d&rsquo;un g\u00e9rant de SARL qui part \u00e0 la retraite<\/h2>\n<h3>A) Retraite g\u00e9rant majoritaire, \u00e9galitaire, minoritaire et non associ\u00e9 : le r\u00e9gime de base.<\/h3>\n<p>Depuis 1973, ce calcul&nbsp;est le m\u00eame pour les salari\u00e9s et les assujettis au SSI. Ainsi le calcul se fait :<\/p>\n<p><b>Revenu annuel moyen<\/b>\u00d7&nbsp;<b>Taux<\/b>&nbsp;\u00d7&nbsp;<b>(nombre de trimestres d\u2019assurance valid\u00e9s \/ dur\u00e9e de r\u00e9f\u00e9rence)<\/b>.<\/p>\n<p>Revenu annuel moyen&nbsp;:&nbsp;moyenne des meilleurs revenus cotis\u00e9s.<\/p>\n<p>Notons que pour b\u00e9n\u00e9ficier du&nbsp;taux&nbsp;\u00ab\u00a0plein\u00a0\u00bb de 50% le g\u00e9rant de SARL doit :<\/p>\n<ul>\n<li>Avoir atteint l&rsquo;\u00e2ge l\u00e9gal de la retraite.<\/li>\n<li>Ou justifier un nombre de trimestres travaill\u00e9s (de 160 \u00e0 172&nbsp; selon l\u2019ann\u00e9e de naissance).<\/li>\n<li>Ou justifier une situation particuli\u00e8re.<\/li>\n<\/ul>\n<h3>&nbsp;<\/h3>\n<h3>B) D\u00e9part \u00e0 la retraite d&rsquo;un g\u00e9rant de SARL : retraite compl\u00e9mentaire g\u00e9rant majoritaire<\/h3>\n<p>Pour le g\u00e9rant de SARL majoritaire, la retraite compl\u00e9mentaire au SSI se calcule :<\/p>\n<p>Nombre de points acquis x la valeur de ceux-ci.<\/p>\n<p>Cependant ce droit est minor\u00e9 si le taux \u00ab\u00a0plein\u00a0\u00bb n&rsquo;a pas \u00e9t\u00e9 acquis pour le r\u00e9gime de base.<\/p>\n<p><a href=\"https:\/\/prosper-conseil.fr\/retraite\/comment-preparer-sa-retraite\/\">Pr\u00e9parer sa retraite<\/a> pour un g\u00e9rant de SARL est donc une situation compliqu\u00e9e \u00e0 pr\u00e9voir d&rsquo;avance. Il faut \u00e9galement aujourd&rsquo;hui regarder si d&rsquo;autre soci\u00e9t\u00e9 ne sont pas plus avantageuse, notamment lorsque l&rsquo;ont se demande si on pr\u00e9f\u00e8re une <a href=\"https:\/\/blog.legalvision.fr\/2018\/06\/17\/sas-ou-sarl\/\">SAS ou une SARL<\/a>.<\/p>\n<div class=\"wp-block-button\" style=\"text-align: center;\"><a class=\"wp-block-button__link has-background\" style=\"border-radius: 10px; background-color: #3fc3bf;\" href=\"https:\/\/leonard.fr\/juridique\/modification-societe\/ajouter-ou-changer-un-dirigeant\/?utm_source=Blog&amp;utm_medium=CTA&amp;utm_campaign=retraite_gerant&amp;utm_id=dirigeant_blog\">Pr\u00e9parez le d\u00e9part \u00e0 la retraite du g\u00e9rant avec L\u00e9onard !&nbsp;<\/a><\/div>\t\t\t\t\t\t\t\t<\/div>\n\t\t\t\t<\/div>\n\t\t\t\t\t<\/div>\n\t\t<\/div>\n\t\t\t\t\t<\/div>\n\t\t<\/section>\n\t\t\t\t<\/div>\n\t\t","protected":false},"excerpt":{"rendered":"<p>Lorsqu&rsquo;on parle du&nbsp;d\u00e9part \u00e0 la retraite d&rsquo;un g\u00e9rant de SARL&nbsp;on pense tout de suite \u00e0 son r\u00e9gime social ou fiscal. Cette situation peut pr\u00eater \u00e0 confusion.&nbsp;Pourtant, il est&nbsp;important de savoir comment se passe le d\u00e9part \u00e0 la retraite d&rsquo;un g\u00e9rant de SARL que \u00e7a soit lors de la cr\u00e9ation d&rsquo;une SARL ou la&nbsp;nomination d&rsquo;un g\u00e9rant&hellip; <a class=\"more-link\" href=\"https:\/\/www.legalvision.fr\/guides-juridiques\/sarl\/depart-a-la-retraite-d-un-gerant-de-sarl-risques-a-eviter\/\">Poursuivre la lecture <span class=\"screen-reader-text\">Quels risques \u00e9viter lors du d\u00e9part \u00e0 la retraite d&rsquo;un G\u00e9rant de SARL ?<\/span><\/a><\/p>\n","protected":false},"author":30,"featured_media":22344,"comment_status":"open","ping_status":"closed","sticky":false,"template":"","format":"standard","meta":{"content-type":"","inline_featured_image":false,"footnotes":""},"categories":[2497],"tags":[],"class_list":["post-11220","post","type-post","status-publish","format-standard","has-post-thumbnail","hentry","category-sarl","entry"],"yoast_head":"<!-- This site is optimized with the Yoast SEO plugin v27.1.1 - https:\/\/yoast.com\/product\/yoast-seo-wordpress\/ -->\n<title>D\u00e9part \u00e0 la retraite d&#039;un g\u00e9rant de SARL : les erreurs \u00e0 \u00e9viter<\/title>\n<meta name=\"description\" content=\"Il faut anticiper le d\u00e9part \u00e0 la retraite du g\u00e9rant de SARL. LegalVision vous guide dans cette situation qui peut pr\u00eater \u00e0 confusion.\" \/>\n<meta name=\"robots\" content=\"index, follow, max-snippet:-1, max-image-preview:large, max-video-preview:-1\" \/>\n<link rel=\"canonical\" href=\"https:\/\/www.legalvision.fr\/guides-juridiques\/sarl\/depart-a-la-retraite-d-un-gerant-de-sarl-risques-a-eviter\/\" \/>\n<meta property=\"og:locale\" content=\"fr_FR\" \/>\n<meta property=\"og:type\" content=\"article\" \/>\n<meta property=\"og:title\" content=\"D\u00e9part \u00e0 la retraite d&#039;un g\u00e9rant de SARL : les erreurs \u00e0 \u00e9viter\" \/>\n<meta property=\"og:description\" content=\"Il faut anticiper le d\u00e9part \u00e0 la retraite du g\u00e9rant de SARL. LegalVision vous guide dans cette situation qui peut pr\u00eater \u00e0 confusion.\" \/>\n<meta property=\"og:url\" content=\"https:\/\/www.legalvision.fr\/guides-juridiques\/sarl\/depart-a-la-retraite-d-un-gerant-de-sarl-risques-a-eviter\/\" \/>\n<meta property=\"og:site_name\" content=\"Guides juridiques\" \/>\n<meta property=\"article:published_time\" content=\"2019-02-21T06:00:08+00:00\" \/>\n<meta property=\"article:modified_time\" content=\"2024-06-18T08:19:25+00:00\" \/>\n<meta property=\"og:image\" content=\"https:\/\/www.legalvision.fr\/guides-juridiques\/wp-content\/uploads\/2019\/02\/d\u00e9part-\u00e0-la-retraite-dun-g\u00e9rant-de-sarl.jpg\" \/>\n\t<meta property=\"og:image:width\" content=\"958\" \/>\n\t<meta property=\"og:image:height\" content=\"350\" \/>\n\t<meta property=\"og:image:type\" content=\"image\/jpeg\" \/>\n<meta name=\"author\" content=\"William Lebrun\" \/>\n<meta name=\"twitter:card\" content=\"summary_large_image\" \/>\n<meta name=\"twitter:label1\" content=\"\u00c9crit par\" \/>\n\t<meta name=\"twitter:data1\" content=\"William Lebrun\" \/>\n\t<meta name=\"twitter:label2\" content=\"Dur\u00e9e de lecture estim\u00e9e\" \/>\n\t<meta name=\"twitter:data2\" content=\"10 minutes\" \/>\n<script type=\"application\/ld+json\" class=\"yoast-schema-graph\">{\"@context\":\"https:\/\/schema.org\",\"@graph\":[{\"@type\":\"Article\",\"@id\":\"https:\/\/www.legalvision.fr\/guides-juridiques\/sarl\/depart-a-la-retraite-d-un-gerant-de-sarl-risques-a-eviter\/#article\",\"isPartOf\":{\"@id\":\"https:\/\/www.legalvision.fr\/guides-juridiques\/sarl\/depart-a-la-retraite-d-un-gerant-de-sarl-risques-a-eviter\/\"},\"author\":{\"name\":\"William Lebrun\",\"@id\":\"https:\/\/www.legalvision.fr\/guides-juridiques\/#\/schema\/person\/3d24d0c20575138ed212b2e4b6f7b4b0\"},\"headline\":\"Quels risques \u00e9viter lors du d\u00e9part \u00e0 la retraite d&rsquo;un G\u00e9rant de SARL ?\",\"datePublished\":\"2019-02-21T06:00:08+00:00\",\"dateModified\":\"2024-06-18T08:19:25+00:00\",\"mainEntityOfPage\":{\"@id\":\"https:\/\/www.legalvision.fr\/guides-juridiques\/sarl\/depart-a-la-retraite-d-un-gerant-de-sarl-risques-a-eviter\/\"},\"wordCount\":2334,\"commentCount\":14,\"publisher\":{\"@id\":\"https:\/\/www.legalvision.fr\/guides-juridiques\/#organization\"},\"image\":{\"@id\":\"https:\/\/www.legalvision.fr\/guides-juridiques\/sarl\/depart-a-la-retraite-d-un-gerant-de-sarl-risques-a-eviter\/#primaryimage\"},\"thumbnailUrl\":\"https:\/\/www.legalvision.fr\/guides-juridiques\/wp-content\/uploads\/2019\/02\/d\u00e9part-\u00e0-la-retraite-dun-g\u00e9rant-de-sarl.jpg\",\"articleSection\":[\"SARL\"],\"inLanguage\":\"fr-FR\",\"potentialAction\":[{\"@type\":\"CommentAction\",\"name\":\"Comment\",\"target\":[\"https:\/\/www.legalvision.fr\/guides-juridiques\/sarl\/depart-a-la-retraite-d-un-gerant-de-sarl-risques-a-eviter\/#respond\"]}]},{\"@type\":\"WebPage\",\"@id\":\"https:\/\/www.legalvision.fr\/guides-juridiques\/sarl\/depart-a-la-retraite-d-un-gerant-de-sarl-risques-a-eviter\/\",\"url\":\"https:\/\/www.legalvision.fr\/guides-juridiques\/sarl\/depart-a-la-retraite-d-un-gerant-de-sarl-risques-a-eviter\/\",\"name\":\"D\u00e9part \u00e0 la retraite d'un g\u00e9rant de SARL : les erreurs \u00e0 \u00e9viter\",\"isPartOf\":{\"@id\":\"https:\/\/www.legalvision.fr\/guides-juridiques\/#website\"},\"primaryImageOfPage\":{\"@id\":\"https:\/\/www.legalvision.fr\/guides-juridiques\/sarl\/depart-a-la-retraite-d-un-gerant-de-sarl-risques-a-eviter\/#primaryimage\"},\"image\":{\"@id\":\"https:\/\/www.legalvision.fr\/guides-juridiques\/sarl\/depart-a-la-retraite-d-un-gerant-de-sarl-risques-a-eviter\/#primaryimage\"},\"thumbnailUrl\":\"https:\/\/www.legalvision.fr\/guides-juridiques\/wp-content\/uploads\/2019\/02\/d\u00e9part-\u00e0-la-retraite-dun-g\u00e9rant-de-sarl.jpg\",\"datePublished\":\"2019-02-21T06:00:08+00:00\",\"dateModified\":\"2024-06-18T08:19:25+00:00\",\"description\":\"Il faut anticiper le d\u00e9part \u00e0 la retraite du g\u00e9rant de SARL. LegalVision vous guide dans cette situation qui peut pr\u00eater \u00e0 confusion.\",\"breadcrumb\":{\"@id\":\"https:\/\/www.legalvision.fr\/guides-juridiques\/sarl\/depart-a-la-retraite-d-un-gerant-de-sarl-risques-a-eviter\/#breadcrumb\"},\"inLanguage\":\"fr-FR\",\"potentialAction\":[{\"@type\":\"ReadAction\",\"target\":[\"https:\/\/www.legalvision.fr\/guides-juridiques\/sarl\/depart-a-la-retraite-d-un-gerant-de-sarl-risques-a-eviter\/\"]}]},{\"@type\":\"ImageObject\",\"inLanguage\":\"fr-FR\",\"@id\":\"https:\/\/www.legalvision.fr\/guides-juridiques\/sarl\/depart-a-la-retraite-d-un-gerant-de-sarl-risques-a-eviter\/#primaryimage\",\"url\":\"https:\/\/www.legalvision.fr\/guides-juridiques\/wp-content\/uploads\/2019\/02\/d\u00e9part-\u00e0-la-retraite-dun-g\u00e9rant-de-sarl.jpg\",\"contentUrl\":\"https:\/\/www.legalvision.fr\/guides-juridiques\/wp-content\/uploads\/2019\/02\/d\u00e9part-\u00e0-la-retraite-dun-g\u00e9rant-de-sarl.jpg\",\"width\":958,\"height\":350,\"caption\":\"d\u00e9part \u00e0 la retraite d'un g\u00e9rant de sarl\"},{\"@type\":\"BreadcrumbList\",\"@id\":\"https:\/\/www.legalvision.fr\/guides-juridiques\/sarl\/depart-a-la-retraite-d-un-gerant-de-sarl-risques-a-eviter\/#breadcrumb\",\"itemListElement\":[{\"@type\":\"ListItem\",\"position\":1,\"name\":\"Accueil\",\"item\":\"https:\/\/www.legalvision.fr\/guides-juridiques\/\"},{\"@type\":\"ListItem\",\"position\":2,\"name\":\"SARL\",\"item\":\"https:\/\/www.legalvision.fr\/guides-juridiques\/sarl\/\"},{\"@type\":\"ListItem\",\"position\":3,\"name\":\"Quels risques \u00e9viter lors du d\u00e9part \u00e0 la retraite d&rsquo;un G\u00e9rant de SARL ?\"}]},{\"@type\":\"WebSite\",\"@id\":\"https:\/\/www.legalvision.fr\/guides-juridiques\/#website\",\"url\":\"https:\/\/www.legalvision.fr\/guides-juridiques\/\",\"name\":\"Guides juridiques\",\"description\":\"L&#039;information juridique \u00e0 destination des entreprises et TPE\",\"publisher\":{\"@id\":\"https:\/\/www.legalvision.fr\/guides-juridiques\/#organization\"},\"potentialAction\":[{\"@type\":\"SearchAction\",\"target\":{\"@type\":\"EntryPoint\",\"urlTemplate\":\"https:\/\/www.legalvision.fr\/guides-juridiques\/?s={search_term_string}\"},\"query-input\":{\"@type\":\"PropertyValueSpecification\",\"valueRequired\":true,\"valueName\":\"search_term_string\"}}],\"inLanguage\":\"fr-FR\"},{\"@type\":\"Organization\",\"@id\":\"https:\/\/www.legalvision.fr\/guides-juridiques\/#organization\",\"name\":\"Guides juridiques\",\"url\":\"https:\/\/www.legalvision.fr\/guides-juridiques\/\",\"logo\":{\"@type\":\"ImageObject\",\"inLanguage\":\"fr-FR\",\"@id\":\"https:\/\/www.legalvision.fr\/guides-juridiques\/#\/schema\/logo\/image\/\",\"url\":\"https:\/\/www.legalvision.fr\/guides-juridiques\/wp-content\/uploads\/2022\/10\/LV-Logotype.png\",\"contentUrl\":\"https:\/\/www.legalvision.fr\/guides-juridiques\/wp-content\/uploads\/2022\/10\/LV-Logotype.png\",\"width\":647,\"height\":125,\"caption\":\"Guides juridiques\"},\"image\":{\"@id\":\"https:\/\/www.legalvision.fr\/guides-juridiques\/#\/schema\/logo\/image\/\"}},{\"@type\":\"Person\",\"@id\":\"https:\/\/www.legalvision.fr\/guides-juridiques\/#\/schema\/person\/3d24d0c20575138ed212b2e4b6f7b4b0\",\"name\":\"William Lebrun\",\"image\":{\"@type\":\"ImageObject\",\"inLanguage\":\"fr-FR\",\"@id\":\"https:\/\/www.legalvision.fr\/guides-juridiques\/#\/schema\/person\/image\/\",\"url\":\"https:\/\/www.legalvision.fr\/guides-juridiques\/wp-content\/uploads\/2023\/07\/cropped-homme1-96x96.png\",\"contentUrl\":\"https:\/\/www.legalvision.fr\/guides-juridiques\/wp-content\/uploads\/2023\/07\/cropped-homme1-96x96.png\",\"caption\":\"William Lebrun\"},\"description\":\"B\u00e9n\u00e9ficiant de la formation d'un double dipl\u00f4me en droit des affaires et en \u00e9cole de commerce, j'ai un fort attrait pour le droit des soci\u00e9t\u00e9s. Je r\u00e9dige des articles pour vous aider sur vos probl\u00e9matiques.\",\"url\":\"https:\/\/www.legalvision.fr\/guides-juridiques\/author\/aina-rakoto\/\"}]}<\/script>\n<!-- \/ Yoast SEO plugin. -->","yoast_head_json":{"title":"D\u00e9part \u00e0 la retraite d'un g\u00e9rant de SARL : les erreurs \u00e0 \u00e9viter","description":"Il faut anticiper le d\u00e9part \u00e0 la retraite du g\u00e9rant de SARL. LegalVision vous guide dans cette situation qui peut pr\u00eater \u00e0 confusion.","robots":{"index":"index","follow":"follow","max-snippet":"max-snippet:-1","max-image-preview":"max-image-preview:large","max-video-preview":"max-video-preview:-1"},"canonical":"https:\/\/www.legalvision.fr\/guides-juridiques\/sarl\/depart-a-la-retraite-d-un-gerant-de-sarl-risques-a-eviter\/","og_locale":"fr_FR","og_type":"article","og_title":"D\u00e9part \u00e0 la retraite d'un g\u00e9rant de SARL : les erreurs \u00e0 \u00e9viter","og_description":"Il faut anticiper le d\u00e9part \u00e0 la retraite du g\u00e9rant de SARL. LegalVision vous guide dans cette situation qui peut pr\u00eater \u00e0 confusion.","og_url":"https:\/\/www.legalvision.fr\/guides-juridiques\/sarl\/depart-a-la-retraite-d-un-gerant-de-sarl-risques-a-eviter\/","og_site_name":"Guides juridiques","article_published_time":"2019-02-21T06:00:08+00:00","article_modified_time":"2024-06-18T08:19:25+00:00","og_image":[{"width":958,"height":350,"url":"https:\/\/www.legalvision.fr\/guides-juridiques\/wp-content\/uploads\/2019\/02\/d\u00e9part-\u00e0-la-retraite-dun-g\u00e9rant-de-sarl.jpg","type":"image\/jpeg"}],"author":"William Lebrun","twitter_card":"summary_large_image","twitter_misc":{"\u00c9crit par":"William Lebrun","Dur\u00e9e de lecture estim\u00e9e":"10 minutes"},"schema":{"@context":"https:\/\/schema.org","@graph":[{"@type":"Article","@id":"https:\/\/www.legalvision.fr\/guides-juridiques\/sarl\/depart-a-la-retraite-d-un-gerant-de-sarl-risques-a-eviter\/#article","isPartOf":{"@id":"https:\/\/www.legalvision.fr\/guides-juridiques\/sarl\/depart-a-la-retraite-d-un-gerant-de-sarl-risques-a-eviter\/"},"author":{"name":"William Lebrun","@id":"https:\/\/www.legalvision.fr\/guides-juridiques\/#\/schema\/person\/3d24d0c20575138ed212b2e4b6f7b4b0"},"headline":"Quels risques \u00e9viter lors du d\u00e9part \u00e0 la retraite d&rsquo;un G\u00e9rant de SARL ?","datePublished":"2019-02-21T06:00:08+00:00","dateModified":"2024-06-18T08:19:25+00:00","mainEntityOfPage":{"@id":"https:\/\/www.legalvision.fr\/guides-juridiques\/sarl\/depart-a-la-retraite-d-un-gerant-de-sarl-risques-a-eviter\/"},"wordCount":2334,"commentCount":14,"publisher":{"@id":"https:\/\/www.legalvision.fr\/guides-juridiques\/#organization"},"image":{"@id":"https:\/\/www.legalvision.fr\/guides-juridiques\/sarl\/depart-a-la-retraite-d-un-gerant-de-sarl-risques-a-eviter\/#primaryimage"},"thumbnailUrl":"https:\/\/www.legalvision.fr\/guides-juridiques\/wp-content\/uploads\/2019\/02\/d\u00e9part-\u00e0-la-retraite-dun-g\u00e9rant-de-sarl.jpg","articleSection":["SARL"],"inLanguage":"fr-FR","potentialAction":[{"@type":"CommentAction","name":"Comment","target":["https:\/\/www.legalvision.fr\/guides-juridiques\/sarl\/depart-a-la-retraite-d-un-gerant-de-sarl-risques-a-eviter\/#respond"]}]},{"@type":"WebPage","@id":"https:\/\/www.legalvision.fr\/guides-juridiques\/sarl\/depart-a-la-retraite-d-un-gerant-de-sarl-risques-a-eviter\/","url":"https:\/\/www.legalvision.fr\/guides-juridiques\/sarl\/depart-a-la-retraite-d-un-gerant-de-sarl-risques-a-eviter\/","name":"D\u00e9part \u00e0 la retraite d'un g\u00e9rant de SARL : les erreurs \u00e0 \u00e9viter","isPartOf":{"@id":"https:\/\/www.legalvision.fr\/guides-juridiques\/#website"},"primaryImageOfPage":{"@id":"https:\/\/www.legalvision.fr\/guides-juridiques\/sarl\/depart-a-la-retraite-d-un-gerant-de-sarl-risques-a-eviter\/#primaryimage"},"image":{"@id":"https:\/\/www.legalvision.fr\/guides-juridiques\/sarl\/depart-a-la-retraite-d-un-gerant-de-sarl-risques-a-eviter\/#primaryimage"},"thumbnailUrl":"https:\/\/www.legalvision.fr\/guides-juridiques\/wp-content\/uploads\/2019\/02\/d\u00e9part-\u00e0-la-retraite-dun-g\u00e9rant-de-sarl.jpg","datePublished":"2019-02-21T06:00:08+00:00","dateModified":"2024-06-18T08:19:25+00:00","description":"Il faut anticiper le d\u00e9part \u00e0 la retraite du g\u00e9rant de SARL. LegalVision vous guide dans cette situation qui peut pr\u00eater \u00e0 confusion.","breadcrumb":{"@id":"https:\/\/www.legalvision.fr\/guides-juridiques\/sarl\/depart-a-la-retraite-d-un-gerant-de-sarl-risques-a-eviter\/#breadcrumb"},"inLanguage":"fr-FR","potentialAction":[{"@type":"ReadAction","target":["https:\/\/www.legalvision.fr\/guides-juridiques\/sarl\/depart-a-la-retraite-d-un-gerant-de-sarl-risques-a-eviter\/"]}]},{"@type":"ImageObject","inLanguage":"fr-FR","@id":"https:\/\/www.legalvision.fr\/guides-juridiques\/sarl\/depart-a-la-retraite-d-un-gerant-de-sarl-risques-a-eviter\/#primaryimage","url":"https:\/\/www.legalvision.fr\/guides-juridiques\/wp-content\/uploads\/2019\/02\/d\u00e9part-\u00e0-la-retraite-dun-g\u00e9rant-de-sarl.jpg","contentUrl":"https:\/\/www.legalvision.fr\/guides-juridiques\/wp-content\/uploads\/2019\/02\/d\u00e9part-\u00e0-la-retraite-dun-g\u00e9rant-de-sarl.jpg","width":958,"height":350,"caption":"d\u00e9part \u00e0 la retraite d'un g\u00e9rant de sarl"},{"@type":"BreadcrumbList","@id":"https:\/\/www.legalvision.fr\/guides-juridiques\/sarl\/depart-a-la-retraite-d-un-gerant-de-sarl-risques-a-eviter\/#breadcrumb","itemListElement":[{"@type":"ListItem","position":1,"name":"Accueil","item":"https:\/\/www.legalvision.fr\/guides-juridiques\/"},{"@type":"ListItem","position":2,"name":"SARL","item":"https:\/\/www.legalvision.fr\/guides-juridiques\/sarl\/"},{"@type":"ListItem","position":3,"name":"Quels risques \u00e9viter lors du d\u00e9part \u00e0 la retraite d&rsquo;un G\u00e9rant de SARL ?"}]},{"@type":"WebSite","@id":"https:\/\/www.legalvision.fr\/guides-juridiques\/#website","url":"https:\/\/www.legalvision.fr\/guides-juridiques\/","name":"Guides juridiques","description":"L&#039;information juridique \u00e0 destination des entreprises et TPE","publisher":{"@id":"https:\/\/www.legalvision.fr\/guides-juridiques\/#organization"},"potentialAction":[{"@type":"SearchAction","target":{"@type":"EntryPoint","urlTemplate":"https:\/\/www.legalvision.fr\/guides-juridiques\/?s={search_term_string}"},"query-input":{"@type":"PropertyValueSpecification","valueRequired":true,"valueName":"search_term_string"}}],"inLanguage":"fr-FR"},{"@type":"Organization","@id":"https:\/\/www.legalvision.fr\/guides-juridiques\/#organization","name":"Guides juridiques","url":"https:\/\/www.legalvision.fr\/guides-juridiques\/","logo":{"@type":"ImageObject","inLanguage":"fr-FR","@id":"https:\/\/www.legalvision.fr\/guides-juridiques\/#\/schema\/logo\/image\/","url":"https:\/\/www.legalvision.fr\/guides-juridiques\/wp-content\/uploads\/2022\/10\/LV-Logotype.png","contentUrl":"https:\/\/www.legalvision.fr\/guides-juridiques\/wp-content\/uploads\/2022\/10\/LV-Logotype.png","width":647,"height":125,"caption":"Guides juridiques"},"image":{"@id":"https:\/\/www.legalvision.fr\/guides-juridiques\/#\/schema\/logo\/image\/"}},{"@type":"Person","@id":"https:\/\/www.legalvision.fr\/guides-juridiques\/#\/schema\/person\/3d24d0c20575138ed212b2e4b6f7b4b0","name":"William Lebrun","image":{"@type":"ImageObject","inLanguage":"fr-FR","@id":"https:\/\/www.legalvision.fr\/guides-juridiques\/#\/schema\/person\/image\/","url":"https:\/\/www.legalvision.fr\/guides-juridiques\/wp-content\/uploads\/2023\/07\/cropped-homme1-96x96.png","contentUrl":"https:\/\/www.legalvision.fr\/guides-juridiques\/wp-content\/uploads\/2023\/07\/cropped-homme1-96x96.png","caption":"William Lebrun"},"description":"B\u00e9n\u00e9ficiant de la formation d'un double dipl\u00f4me en droit des affaires et en \u00e9cole de commerce, j'ai un fort attrait pour le droit des soci\u00e9t\u00e9s. Je r\u00e9dige des articles pour vous aider sur vos probl\u00e9matiques.","url":"https:\/\/www.legalvision.fr\/guides-juridiques\/author\/aina-rakoto\/"}]}},"_links":{"self":[{"href":"https:\/\/www.legalvision.fr\/guides-juridiques\/wp-json\/wp\/v2\/posts\/11220","targetHints":{"allow":["GET"]}}],"collection":[{"href":"https:\/\/www.legalvision.fr\/guides-juridiques\/wp-json\/wp\/v2\/posts"}],"about":[{"href":"https:\/\/www.legalvision.fr\/guides-juridiques\/wp-json\/wp\/v2\/types\/post"}],"author":[{"embeddable":true,"href":"https:\/\/www.legalvision.fr\/guides-juridiques\/wp-json\/wp\/v2\/users\/30"}],"replies":[{"embeddable":true,"href":"https:\/\/www.legalvision.fr\/guides-juridiques\/wp-json\/wp\/v2\/comments?post=11220"}],"version-history":[{"count":11,"href":"https:\/\/www.legalvision.fr\/guides-juridiques\/wp-json\/wp\/v2\/posts\/11220\/revisions"}],"predecessor-version":[{"id":46390,"href":"https:\/\/www.legalvision.fr\/guides-juridiques\/wp-json\/wp\/v2\/posts\/11220\/revisions\/46390"}],"wp:featuredmedia":[{"embeddable":true,"href":"https:\/\/www.legalvision.fr\/guides-juridiques\/wp-json\/wp\/v2\/media\/22344"}],"wp:attachment":[{"href":"https:\/\/www.legalvision.fr\/guides-juridiques\/wp-json\/wp\/v2\/media?parent=11220"}],"wp:term":[{"taxonomy":"category","embeddable":true,"href":"https:\/\/www.legalvision.fr\/guides-juridiques\/wp-json\/wp\/v2\/categories?post=11220"},{"taxonomy":"post_tag","embeddable":true,"href":"https:\/\/www.legalvision.fr\/guides-juridiques\/wp-json\/wp\/v2\/tags?post=11220"}],"curies":[{"name":"wp","href":"https:\/\/api.w.org\/{rel}","templated":true}]}}