{"id":1105,"date":"2017-10-03T10:37:29","date_gmt":"2017-10-03T09:37:29","guid":{"rendered":"https:\/\/blog.legalvision.fr\/?p=1105"},"modified":"2022-03-27T21:21:14","modified_gmt":"2022-03-27T19:21:14","slug":"les-reformes-sociales","status":"publish","type":"post","link":"https:\/\/www.legalvision.fr\/guides-juridiques\/droit-du-travail\/les-reformes-sociales\/","title":{"rendered":"Les r\u00e9formes sociales de la rentr\u00e9e 2017"},"content":{"rendered":"<p>Emmanuel Macron l&rsquo;avait promis\u00a0: les r\u00e9formes sociales seront \u00e0 l&rsquo;honneur lors des prochains mois. Le 31 ao\u00fbt dernier, le gouvernement a finalement d\u00e9voil\u00e9 le contenu des cinq ordonnances destin\u00e9es \u00e0 r\u00e9former le Code du travail. Au total, ce sont pr\u00e8s de 36 mesures sociales qui rentreront en vigueur dans les prochains mois. En outre, une importante refondation du r\u00e9gime applicable aux travailleurs ind\u00e9pendants est sur le point de d\u00e9marrer. <a href=\"https:\/\/www.legalvision.fr\">LegalVision <\/a>revient sur les\u00a0les r\u00e9formes sociales.<\/p>\n<p>Zoom sur les nouvelles mesures sociales qui marquent la rentr\u00e9e 2017\u00a0!\n<\/p>\n<h3>Sommaire<strong><\/strong><br \/>\n<\/h3>\n<p><strong><a href=\"#A\">Plafonnement des indemnit\u00e9s prud\u2019homales, augmentation des indemnit\u00e9s l\u00e9gales<\/a><br \/>\n<\/strong><strong><a href=\"#B\">Chamboulement des instances repr\u00e9sentatives du personnel<\/a><br \/>\n<\/strong><strong><a href=\"#C\">\u00a0Cons\u00e9cration du droit au t\u00e9l\u00e9travail<\/a><br \/>\n<\/strong><strong><a href=\"#D\">IV) Assouplissement des dispositions relatives au travail de nuit et dominical<\/a><br \/>\n<\/strong><strong><a href=\"#E\">V) Cr\u00e9ation de ruptures conventionnelles collectives<\/a><br \/>\n<\/strong><a href=\"#F\"><strong>VI) Vers une refondation du r\u00e9gime des travailleurs ind\u00e9pendants<\/strong><\/a><\/p>\n<h3 id=\"A\">Plafonnement des indemnit\u00e9s prud\u2019homales, augmentation des indemnit\u00e9s l\u00e9gales<\/h3>\n<p>Les indemnit\u00e9s prud&rsquo;homales en cas de licenciement abusif seront \u00e0 pr\u00e9sent plafonn\u00e9es \u00e0 trois mois de salaire jusqu&rsquo;\u00e0 deux ans d&rsquo;anciennet\u00e9. Si le salari\u00e9 a plus de trente ans d&rsquo;anciennet\u00e9, les indemnit\u00e9s seront limit\u00e9es \u00e0 vingt mois de salaire.<\/p>\n<p>En contrepartie, le gouvernement souhaite augmenter les montants minimum des indemnit\u00e9s l\u00e9gales de licenciement (25%). En outre, le seuil d&rsquo;anciennet\u00e9 \u00e0 partir duquel ces indemnit\u00e9s doivent \u00eatre vers\u00e9es sera abaiss\u00e9. Il passera de douze \u00e0 huit mois.<\/p>\n<p>A noter \u00e9galement que le d\u00e9lai pour contester un licenciement devant les Prud&rsquo;hommes passe \u00e0 un an pour tous les types de licenciement (suppression de la diff\u00e9rence entre le licenciement \u00e9conomique et les autres).<\/p>\n<h3 id=\"B\">Chamboulement des instances repr\u00e9sentatives du personnel<\/h3>\n<p>Par accord d&rsquo;entreprise, une fusion pourra avoir lieu entre le comit\u00e9 d&rsquo;entreprise, les d\u00e9l\u00e9gu\u00e9s du personnel et le CHSCT. Cette nouvelle entit\u00e9, nomm\u00e9e \u00ab\u00a0comit\u00e9 social et \u00e9conomique\u00a0\u00bb, c\u00f4toiera les d\u00e9l\u00e9gu\u00e9s syndicaux et pourra n\u00e9gocier des accords en cas d&rsquo;absence de ces derniers (on parlerait alors de \u00ab\u00a0conseil d&rsquo;entreprise\u00a0\u00bb). Il concentrera les comp\u00e9tences des trois organes et pourra agir en justice.<\/p>\n<p>Le gouvernement souhaite aussi promouvoir et faciliter la n\u00e9gociation dans les PME d\u00e9pourvues de d\u00e9l\u00e9gu\u00e9 syndical. Ainsi, dans les entreprises de moins de 20 salari\u00e9s, une n\u00e9gociation pourra avoir lieu avec des employ\u00e9s non mandat\u00e9s par un syndicat. Entre 20 et 50 salari\u00e9s, la n\u00e9gociation pourra se faire avec un \u00e9lu du personnel non mandat\u00e9. Jusqu&rsquo;\u00e0 pr\u00e9sent, la n\u00e9gociation n&rsquo;\u00e9tait possible qu&rsquo;\u00e0 condition qu&rsquo;un salari\u00e9 soit mandat\u00e9 par une organisation syndicale.<\/p>\n<h3 id=\"C\">Cons\u00e9cration du droit au t\u00e9l\u00e9travail<\/h3>\n<p>L&#8217;employeur refusant \u00e0 un salari\u00e9 qu&rsquo;il puisse travailler \u00e0 domicile devra dor\u00e9navant justifier son refus. En outre, la r\u00e9forme est marqu\u00e9e par une s\u00e9curisation accrue de ce type d&#8217;emploi\u00a0: les accidents du travail verront par exemple leurs conditions de prise en charge align\u00e9es sur celles des accidents survenant au sein m\u00eame de l&rsquo;entreprise.<\/p>\n<h3 id=\"D\">IV) Assouplissement des dispositions relatives au travail de nuit et dominical<\/h3>\n<p>La r\u00e9forme a \u00e9galement pour objectif de favoriser l&rsquo;ouverture des magasins le dimanche, en facilitant l&rsquo;abrogation des arr\u00eat\u00e9s pr\u00e9fectoraux de fermeture de magasins pour repos dominical, et en augmentant le d\u00e9lai dont b\u00e9n\u00e9ficient les commerces se trouvant dans une zone touristique ou commerciale pour conclure un accord sur le travail dominical (il est actuellement de deux ans). En outre, certaines dispositions visent \u00e0 assouplir la l\u00e9gislation relative au travail de nuit.<\/p>\n<h3 id=\"E\">V) Cr\u00e9ation de ruptures conventionnelles collectives<\/h3>\n<p>Dans les\u00a0r\u00e9formes sociales on retrouve notamment la cr\u00e9ation de ruptures conventionnelles collectives. En parall\u00e8le de la rupture conventionnelle individuelle du contrat de travail, le gouvernement souhaite instaurer un m\u00e9canisme collectif. Le but est de permettre \u00e0 une entreprise de lancer un plan d\u00e9 d\u00e9parts volontaires autonomes. Ce plan de d\u00e9parts volontaires est effectu\u00e9 ind\u00e9pendamment de tout plan social, \u00e0 condition que l&rsquo;administration homologue un accord pass\u00e9 en ce sens avec les syndicats.<\/p>\n<h3 id=\"F\">VI) Vers une refondation du r\u00e9gime des travailleurs ind\u00e9pendants<\/h3>\n<p>Le gouvernement s&rsquo;est \u00e9galement pench\u00e9 sur la question des travailleurs ind\u00e9pendants. En effet, il y a tous les \u00a0commer\u00e7ants, artisans, professions lib\u00e9rales, microentrepreneurs. Ce qu&rsquo;il en ressort\u00a0: une r\u00e9forme compl\u00e8te du RSI, en l&rsquo;adossant au r\u00e9gime social g\u00e9n\u00e9ral des salari\u00e9s du priv\u00e9. Le RSI souffre en effet de probl\u00e8mes informatiques et administratifs qui ne facilitent pas la vie des entrepreneurs. Cette r\u00e9forme, complexe et d&rsquo;ampleur, devrait prendre de longs mois.<\/p>\n<p>Pour ce qui est du statut fiscal et social simplifi\u00e9 appel\u00e9 microentreprise, les plafonds de revenus permettant d&rsquo;en b\u00e9n\u00e9ficier seront doubl\u00e9s (ils sont actuellement de 33 200 euros de chiffre d&rsquo;affaires annuel pour les prestations de services, contre 82 800 euros pour les ventes).<\/p>\n<p><\/p>\n<div class=\"wp-block-button\" style=\"text-align:center;\"><a class=\"wp-block-button__link has-background\" href=\"https:\/\/www.legalvision.fr\/tous-les-services\/\">Voir les services LegalVision<\/a><\/div>\n","protected":false},"excerpt":{"rendered":"<p>Emmanuel Macron l&rsquo;avait promis\u00a0: les r\u00e9formes sociales seront \u00e0 l&rsquo;honneur lors des prochains mois. Le 31 ao\u00fbt dernier, le gouvernement a finalement d\u00e9voil\u00e9 le contenu des cinq ordonnances destin\u00e9es \u00e0 r\u00e9former le Code du travail. Au total, ce sont pr\u00e8s de 36 mesures sociales qui rentreront en vigueur dans les prochains mois. En outre, une&hellip; <a class=\"more-link\" href=\"https:\/\/www.legalvision.fr\/guides-juridiques\/droit-du-travail\/les-reformes-sociales\/\">Poursuivre la lecture <span class=\"screen-reader-text\">Les r\u00e9formes sociales de la rentr\u00e9e 2017<\/span><\/a><\/p>\n","protected":false},"author":9,"featured_media":22463,"comment_status":"open","ping_status":"open","sticky":false,"template":"","format":"standard","meta":{"content-type":"","inline_featured_image":false,"footnotes":""},"categories":[2485],"tags":[],"class_list":["post-1105","post","type-post","status-publish","format-standard","has-post-thumbnail","hentry","category-droit-du-travail","entry"],"yoast_head":"<!-- This site is optimized with the Yoast SEO plugin v27.1.1 - https:\/\/yoast.com\/product\/yoast-seo-wordpress\/ -->\n<title>les r\u00e9formes sociales de la rentr\u00e9e 2017: LegalVision fait le point<\/title>\n<meta name=\"description\" content=\"LegalVision revient sur les r\u00e9formes sociales 2017. Emmanuel Macron l&#039;avait promis : les r\u00e9formes sociales seront \u00e0 l&#039;honneur lors des prochains mois.\" \/>\n<meta name=\"robots\" content=\"index, follow, max-snippet:-1, max-image-preview:large, max-video-preview:-1\" \/>\n<link rel=\"canonical\" href=\"https:\/\/www.legalvision.fr\/guides-juridiques\/droit-du-travail\/les-reformes-sociales\/\" \/>\n<meta property=\"og:locale\" content=\"fr_FR\" \/>\n<meta property=\"og:type\" content=\"article\" \/>\n<meta property=\"og:title\" content=\"les r\u00e9formes sociales de la rentr\u00e9e 2017: LegalVision fait le point\" \/>\n<meta property=\"og:description\" content=\"LegalVision revient sur les r\u00e9formes sociales 2017. Emmanuel Macron l&#039;avait promis : les r\u00e9formes sociales seront \u00e0 l&#039;honneur lors des prochains mois.\" \/>\n<meta property=\"og:url\" content=\"https:\/\/www.legalvision.fr\/guides-juridiques\/droit-du-travail\/les-reformes-sociales\/\" \/>\n<meta property=\"og:site_name\" content=\"Guides juridiques\" \/>\n<meta property=\"article:author\" content=\"https:\/\/www.facebook.com\/legalvision.fr\/\" \/>\n<meta property=\"article:published_time\" content=\"2017-10-03T09:37:29+00:00\" \/>\n<meta property=\"article:modified_time\" content=\"2022-03-27T19:21:14+00:00\" \/>\n<meta property=\"og:image\" content=\"https:\/\/www.legalvision.fr\/guides-juridiques\/wp-content\/uploads\/2017\/10\/les-r\u00e9formes-sociales-1.jpg\" \/>\n\t<meta property=\"og:image:width\" content=\"958\" \/>\n\t<meta property=\"og:image:height\" content=\"350\" \/>\n\t<meta property=\"og:image:type\" content=\"image\/jpeg\" \/>\n<meta name=\"author\" content=\"Anne Wisniewski\" \/>\n<meta name=\"twitter:card\" content=\"summary_large_image\" \/>\n<meta name=\"twitter:creator\" content=\"@https:\/\/twitter.com\/Legalvision_fr\" \/>\n<meta name=\"twitter:label1\" content=\"\u00c9crit par\" \/>\n\t<meta name=\"twitter:data1\" content=\"Anne Wisniewski\" \/>\n\t<meta name=\"twitter:label2\" content=\"Dur\u00e9e de lecture estim\u00e9e\" \/>\n\t<meta name=\"twitter:data2\" content=\"4 minutes\" \/>\n<script type=\"application\/ld+json\" class=\"yoast-schema-graph\">{\"@context\":\"https:\/\/schema.org\",\"@graph\":[{\"@type\":\"Article\",\"@id\":\"https:\/\/www.legalvision.fr\/guides-juridiques\/droit-du-travail\/les-reformes-sociales\/#article\",\"isPartOf\":{\"@id\":\"https:\/\/www.legalvision.fr\/guides-juridiques\/droit-du-travail\/les-reformes-sociales\/\"},\"author\":{\"name\":\"Anne Wisniewski\",\"@id\":\"https:\/\/www.legalvision.fr\/guides-juridiques\/#\/schema\/person\/ebb7a1403b91f15eae842fb4d875d692\"},\"headline\":\"Les r\u00e9formes sociales de la rentr\u00e9e 2017\",\"datePublished\":\"2017-10-03T09:37:29+00:00\",\"dateModified\":\"2022-03-27T19:21:14+00:00\",\"mainEntityOfPage\":{\"@id\":\"https:\/\/www.legalvision.fr\/guides-juridiques\/droit-du-travail\/les-reformes-sociales\/\"},\"wordCount\":845,\"commentCount\":0,\"publisher\":{\"@id\":\"https:\/\/www.legalvision.fr\/guides-juridiques\/#organization\"},\"image\":{\"@id\":\"https:\/\/www.legalvision.fr\/guides-juridiques\/droit-du-travail\/les-reformes-sociales\/#primaryimage\"},\"thumbnailUrl\":\"https:\/\/www.legalvision.fr\/guides-juridiques\/wp-content\/uploads\/2017\/10\/les-r\u00e9formes-sociales-1.jpg\",\"articleSection\":[\"Droit du travail\"],\"inLanguage\":\"fr-FR\",\"potentialAction\":[{\"@type\":\"CommentAction\",\"name\":\"Comment\",\"target\":[\"https:\/\/www.legalvision.fr\/guides-juridiques\/droit-du-travail\/les-reformes-sociales\/#respond\"]}]},{\"@type\":\"WebPage\",\"@id\":\"https:\/\/www.legalvision.fr\/guides-juridiques\/droit-du-travail\/les-reformes-sociales\/\",\"url\":\"https:\/\/www.legalvision.fr\/guides-juridiques\/droit-du-travail\/les-reformes-sociales\/\",\"name\":\"les r\u00e9formes sociales de la rentr\u00e9e 2017: LegalVision fait le point\",\"isPartOf\":{\"@id\":\"https:\/\/www.legalvision.fr\/guides-juridiques\/#website\"},\"primaryImageOfPage\":{\"@id\":\"https:\/\/www.legalvision.fr\/guides-juridiques\/droit-du-travail\/les-reformes-sociales\/#primaryimage\"},\"image\":{\"@id\":\"https:\/\/www.legalvision.fr\/guides-juridiques\/droit-du-travail\/les-reformes-sociales\/#primaryimage\"},\"thumbnailUrl\":\"https:\/\/www.legalvision.fr\/guides-juridiques\/wp-content\/uploads\/2017\/10\/les-r\u00e9formes-sociales-1.jpg\",\"datePublished\":\"2017-10-03T09:37:29+00:00\",\"dateModified\":\"2022-03-27T19:21:14+00:00\",\"description\":\"LegalVision revient sur les r\u00e9formes sociales 2017. Emmanuel Macron l'avait promis : les r\u00e9formes sociales seront \u00e0 l'honneur lors des prochains mois.\",\"breadcrumb\":{\"@id\":\"https:\/\/www.legalvision.fr\/guides-juridiques\/droit-du-travail\/les-reformes-sociales\/#breadcrumb\"},\"inLanguage\":\"fr-FR\",\"potentialAction\":[{\"@type\":\"ReadAction\",\"target\":[\"https:\/\/www.legalvision.fr\/guides-juridiques\/droit-du-travail\/les-reformes-sociales\/\"]}]},{\"@type\":\"ImageObject\",\"inLanguage\":\"fr-FR\",\"@id\":\"https:\/\/www.legalvision.fr\/guides-juridiques\/droit-du-travail\/les-reformes-sociales\/#primaryimage\",\"url\":\"https:\/\/www.legalvision.fr\/guides-juridiques\/wp-content\/uploads\/2017\/10\/les-r\u00e9formes-sociales-1.jpg\",\"contentUrl\":\"https:\/\/www.legalvision.fr\/guides-juridiques\/wp-content\/uploads\/2017\/10\/les-r\u00e9formes-sociales-1.jpg\",\"width\":958,\"height\":350,\"caption\":\"les r\u00e9formes sociales\"},{\"@type\":\"BreadcrumbList\",\"@id\":\"https:\/\/www.legalvision.fr\/guides-juridiques\/droit-du-travail\/les-reformes-sociales\/#breadcrumb\",\"itemListElement\":[{\"@type\":\"ListItem\",\"position\":1,\"name\":\"Accueil\",\"item\":\"https:\/\/www.legalvision.fr\/guides-juridiques\/\"},{\"@type\":\"ListItem\",\"position\":2,\"name\":\"Droit du travail\",\"item\":\"https:\/\/www.legalvision.fr\/guides-juridiques\/droit-du-travail\/\"},{\"@type\":\"ListItem\",\"position\":3,\"name\":\"Les r\u00e9formes sociales de la rentr\u00e9e 2017\"}]},{\"@type\":\"WebSite\",\"@id\":\"https:\/\/www.legalvision.fr\/guides-juridiques\/#website\",\"url\":\"https:\/\/www.legalvision.fr\/guides-juridiques\/\",\"name\":\"Guides juridiques\",\"description\":\"L&#039;information juridique \u00e0 destination des entreprises et TPE\",\"publisher\":{\"@id\":\"https:\/\/www.legalvision.fr\/guides-juridiques\/#organization\"},\"potentialAction\":[{\"@type\":\"SearchAction\",\"target\":{\"@type\":\"EntryPoint\",\"urlTemplate\":\"https:\/\/www.legalvision.fr\/guides-juridiques\/?s={search_term_string}\"},\"query-input\":{\"@type\":\"PropertyValueSpecification\",\"valueRequired\":true,\"valueName\":\"search_term_string\"}}],\"inLanguage\":\"fr-FR\"},{\"@type\":\"Organization\",\"@id\":\"https:\/\/www.legalvision.fr\/guides-juridiques\/#organization\",\"name\":\"Guides juridiques\",\"url\":\"https:\/\/www.legalvision.fr\/guides-juridiques\/\",\"logo\":{\"@type\":\"ImageObject\",\"inLanguage\":\"fr-FR\",\"@id\":\"https:\/\/www.legalvision.fr\/guides-juridiques\/#\/schema\/logo\/image\/\",\"url\":\"https:\/\/www.legalvision.fr\/guides-juridiques\/wp-content\/uploads\/2022\/10\/LV-Logotype.png\",\"contentUrl\":\"https:\/\/www.legalvision.fr\/guides-juridiques\/wp-content\/uploads\/2022\/10\/LV-Logotype.png\",\"width\":647,\"height\":125,\"caption\":\"Guides juridiques\"},\"image\":{\"@id\":\"https:\/\/www.legalvision.fr\/guides-juridiques\/#\/schema\/logo\/image\/\"}},{\"@type\":\"Person\",\"@id\":\"https:\/\/www.legalvision.fr\/guides-juridiques\/#\/schema\/person\/ebb7a1403b91f15eae842fb4d875d692\",\"name\":\"Anne Wisniewski\",\"image\":{\"@type\":\"ImageObject\",\"inLanguage\":\"fr-FR\",\"@id\":\"https:\/\/www.legalvision.fr\/guides-juridiques\/#\/schema\/person\/image\/\",\"url\":\"https:\/\/secure.gravatar.com\/avatar\/e1d470446f3d91488a7891f323f5196bc4f07b636f12a7c6b1bf0f23e3114e6d?s=96&d=mm&r=g\",\"contentUrl\":\"https:\/\/secure.gravatar.com\/avatar\/e1d470446f3d91488a7891f323f5196bc4f07b636f12a7c6b1bf0f23e3114e6d?s=96&d=mm&r=g\",\"caption\":\"Anne Wisniewski\"},\"description\":\"Ann a un Master 1 de Droit des Affaires \u00e0 Bordeaux. Passionn\u00e9e par le droit et les LegalTech, elle a rejoint LegalVision pour s\u2019occuper du contenu juridique.\",\"sameAs\":[\"https:\/\/www.legalvision.fr\/\",\"https:\/\/www.facebook.com\/legalvision.fr\/\",\"https:\/\/www.instagram.com\/legalvision.fr\/\",\"https:\/\/www.linkedin.com\/company\/legalvision-fr\/\",\"https:\/\/x.com\/https:\/\/twitter.com\/Legalvision_fr\"],\"url\":\"https:\/\/www.legalvision.fr\/guides-juridiques\/author\/maelane-wisniewski\/\"}]}<\/script>\n<!-- \/ Yoast SEO plugin. -->","yoast_head_json":{"title":"les r\u00e9formes sociales de la rentr\u00e9e 2017: LegalVision fait le point","description":"LegalVision revient sur les r\u00e9formes sociales 2017. Emmanuel Macron l'avait promis : les r\u00e9formes sociales seront \u00e0 l'honneur lors des prochains mois.","robots":{"index":"index","follow":"follow","max-snippet":"max-snippet:-1","max-image-preview":"max-image-preview:large","max-video-preview":"max-video-preview:-1"},"canonical":"https:\/\/www.legalvision.fr\/guides-juridiques\/droit-du-travail\/les-reformes-sociales\/","og_locale":"fr_FR","og_type":"article","og_title":"les r\u00e9formes sociales de la rentr\u00e9e 2017: LegalVision fait le point","og_description":"LegalVision revient sur les r\u00e9formes sociales 2017. Emmanuel Macron l'avait promis : les r\u00e9formes sociales seront \u00e0 l'honneur lors des prochains mois.","og_url":"https:\/\/www.legalvision.fr\/guides-juridiques\/droit-du-travail\/les-reformes-sociales\/","og_site_name":"Guides juridiques","article_author":"https:\/\/www.facebook.com\/legalvision.fr\/","article_published_time":"2017-10-03T09:37:29+00:00","article_modified_time":"2022-03-27T19:21:14+00:00","og_image":[{"width":958,"height":350,"url":"https:\/\/www.legalvision.fr\/guides-juridiques\/wp-content\/uploads\/2017\/10\/les-r\u00e9formes-sociales-1.jpg","type":"image\/jpeg"}],"author":"Anne Wisniewski","twitter_card":"summary_large_image","twitter_creator":"@https:\/\/twitter.com\/Legalvision_fr","twitter_misc":{"\u00c9crit par":"Anne Wisniewski","Dur\u00e9e de lecture estim\u00e9e":"4 minutes"},"schema":{"@context":"https:\/\/schema.org","@graph":[{"@type":"Article","@id":"https:\/\/www.legalvision.fr\/guides-juridiques\/droit-du-travail\/les-reformes-sociales\/#article","isPartOf":{"@id":"https:\/\/www.legalvision.fr\/guides-juridiques\/droit-du-travail\/les-reformes-sociales\/"},"author":{"name":"Anne Wisniewski","@id":"https:\/\/www.legalvision.fr\/guides-juridiques\/#\/schema\/person\/ebb7a1403b91f15eae842fb4d875d692"},"headline":"Les r\u00e9formes sociales de la rentr\u00e9e 2017","datePublished":"2017-10-03T09:37:29+00:00","dateModified":"2022-03-27T19:21:14+00:00","mainEntityOfPage":{"@id":"https:\/\/www.legalvision.fr\/guides-juridiques\/droit-du-travail\/les-reformes-sociales\/"},"wordCount":845,"commentCount":0,"publisher":{"@id":"https:\/\/www.legalvision.fr\/guides-juridiques\/#organization"},"image":{"@id":"https:\/\/www.legalvision.fr\/guides-juridiques\/droit-du-travail\/les-reformes-sociales\/#primaryimage"},"thumbnailUrl":"https:\/\/www.legalvision.fr\/guides-juridiques\/wp-content\/uploads\/2017\/10\/les-r\u00e9formes-sociales-1.jpg","articleSection":["Droit du travail"],"inLanguage":"fr-FR","potentialAction":[{"@type":"CommentAction","name":"Comment","target":["https:\/\/www.legalvision.fr\/guides-juridiques\/droit-du-travail\/les-reformes-sociales\/#respond"]}]},{"@type":"WebPage","@id":"https:\/\/www.legalvision.fr\/guides-juridiques\/droit-du-travail\/les-reformes-sociales\/","url":"https:\/\/www.legalvision.fr\/guides-juridiques\/droit-du-travail\/les-reformes-sociales\/","name":"les r\u00e9formes sociales de la rentr\u00e9e 2017: LegalVision fait le point","isPartOf":{"@id":"https:\/\/www.legalvision.fr\/guides-juridiques\/#website"},"primaryImageOfPage":{"@id":"https:\/\/www.legalvision.fr\/guides-juridiques\/droit-du-travail\/les-reformes-sociales\/#primaryimage"},"image":{"@id":"https:\/\/www.legalvision.fr\/guides-juridiques\/droit-du-travail\/les-reformes-sociales\/#primaryimage"},"thumbnailUrl":"https:\/\/www.legalvision.fr\/guides-juridiques\/wp-content\/uploads\/2017\/10\/les-r\u00e9formes-sociales-1.jpg","datePublished":"2017-10-03T09:37:29+00:00","dateModified":"2022-03-27T19:21:14+00:00","description":"LegalVision revient sur les r\u00e9formes sociales 2017. Emmanuel Macron l'avait promis : les r\u00e9formes sociales seront \u00e0 l'honneur lors des prochains mois.","breadcrumb":{"@id":"https:\/\/www.legalvision.fr\/guides-juridiques\/droit-du-travail\/les-reformes-sociales\/#breadcrumb"},"inLanguage":"fr-FR","potentialAction":[{"@type":"ReadAction","target":["https:\/\/www.legalvision.fr\/guides-juridiques\/droit-du-travail\/les-reformes-sociales\/"]}]},{"@type":"ImageObject","inLanguage":"fr-FR","@id":"https:\/\/www.legalvision.fr\/guides-juridiques\/droit-du-travail\/les-reformes-sociales\/#primaryimage","url":"https:\/\/www.legalvision.fr\/guides-juridiques\/wp-content\/uploads\/2017\/10\/les-r\u00e9formes-sociales-1.jpg","contentUrl":"https:\/\/www.legalvision.fr\/guides-juridiques\/wp-content\/uploads\/2017\/10\/les-r\u00e9formes-sociales-1.jpg","width":958,"height":350,"caption":"les r\u00e9formes sociales"},{"@type":"BreadcrumbList","@id":"https:\/\/www.legalvision.fr\/guides-juridiques\/droit-du-travail\/les-reformes-sociales\/#breadcrumb","itemListElement":[{"@type":"ListItem","position":1,"name":"Accueil","item":"https:\/\/www.legalvision.fr\/guides-juridiques\/"},{"@type":"ListItem","position":2,"name":"Droit du travail","item":"https:\/\/www.legalvision.fr\/guides-juridiques\/droit-du-travail\/"},{"@type":"ListItem","position":3,"name":"Les r\u00e9formes sociales de la rentr\u00e9e 2017"}]},{"@type":"WebSite","@id":"https:\/\/www.legalvision.fr\/guides-juridiques\/#website","url":"https:\/\/www.legalvision.fr\/guides-juridiques\/","name":"Guides juridiques","description":"L&#039;information juridique \u00e0 destination des entreprises et TPE","publisher":{"@id":"https:\/\/www.legalvision.fr\/guides-juridiques\/#organization"},"potentialAction":[{"@type":"SearchAction","target":{"@type":"EntryPoint","urlTemplate":"https:\/\/www.legalvision.fr\/guides-juridiques\/?s={search_term_string}"},"query-input":{"@type":"PropertyValueSpecification","valueRequired":true,"valueName":"search_term_string"}}],"inLanguage":"fr-FR"},{"@type":"Organization","@id":"https:\/\/www.legalvision.fr\/guides-juridiques\/#organization","name":"Guides juridiques","url":"https:\/\/www.legalvision.fr\/guides-juridiques\/","logo":{"@type":"ImageObject","inLanguage":"fr-FR","@id":"https:\/\/www.legalvision.fr\/guides-juridiques\/#\/schema\/logo\/image\/","url":"https:\/\/www.legalvision.fr\/guides-juridiques\/wp-content\/uploads\/2022\/10\/LV-Logotype.png","contentUrl":"https:\/\/www.legalvision.fr\/guides-juridiques\/wp-content\/uploads\/2022\/10\/LV-Logotype.png","width":647,"height":125,"caption":"Guides juridiques"},"image":{"@id":"https:\/\/www.legalvision.fr\/guides-juridiques\/#\/schema\/logo\/image\/"}},{"@type":"Person","@id":"https:\/\/www.legalvision.fr\/guides-juridiques\/#\/schema\/person\/ebb7a1403b91f15eae842fb4d875d692","name":"Anne Wisniewski","image":{"@type":"ImageObject","inLanguage":"fr-FR","@id":"https:\/\/www.legalvision.fr\/guides-juridiques\/#\/schema\/person\/image\/","url":"https:\/\/secure.gravatar.com\/avatar\/e1d470446f3d91488a7891f323f5196bc4f07b636f12a7c6b1bf0f23e3114e6d?s=96&d=mm&r=g","contentUrl":"https:\/\/secure.gravatar.com\/avatar\/e1d470446f3d91488a7891f323f5196bc4f07b636f12a7c6b1bf0f23e3114e6d?s=96&d=mm&r=g","caption":"Anne Wisniewski"},"description":"Ann a un Master 1 de Droit des Affaires \u00e0 Bordeaux. Passionn\u00e9e par le droit et les LegalTech, elle a rejoint LegalVision pour s\u2019occuper du contenu juridique.","sameAs":["https:\/\/www.legalvision.fr\/","https:\/\/www.facebook.com\/legalvision.fr\/","https:\/\/www.instagram.com\/legalvision.fr\/","https:\/\/www.linkedin.com\/company\/legalvision-fr\/","https:\/\/x.com\/https:\/\/twitter.com\/Legalvision_fr"],"url":"https:\/\/www.legalvision.fr\/guides-juridiques\/author\/maelane-wisniewski\/"}]}},"_links":{"self":[{"href":"https:\/\/www.legalvision.fr\/guides-juridiques\/wp-json\/wp\/v2\/posts\/1105","targetHints":{"allow":["GET"]}}],"collection":[{"href":"https:\/\/www.legalvision.fr\/guides-juridiques\/wp-json\/wp\/v2\/posts"}],"about":[{"href":"https:\/\/www.legalvision.fr\/guides-juridiques\/wp-json\/wp\/v2\/types\/post"}],"author":[{"embeddable":true,"href":"https:\/\/www.legalvision.fr\/guides-juridiques\/wp-json\/wp\/v2\/users\/9"}],"replies":[{"embeddable":true,"href":"https:\/\/www.legalvision.fr\/guides-juridiques\/wp-json\/wp\/v2\/comments?post=1105"}],"version-history":[{"count":0,"href":"https:\/\/www.legalvision.fr\/guides-juridiques\/wp-json\/wp\/v2\/posts\/1105\/revisions"}],"wp:featuredmedia":[{"embeddable":true,"href":"https:\/\/www.legalvision.fr\/guides-juridiques\/wp-json\/wp\/v2\/media\/22463"}],"wp:attachment":[{"href":"https:\/\/www.legalvision.fr\/guides-juridiques\/wp-json\/wp\/v2\/media?parent=1105"}],"wp:term":[{"taxonomy":"category","embeddable":true,"href":"https:\/\/www.legalvision.fr\/guides-juridiques\/wp-json\/wp\/v2\/categories?post=1105"},{"taxonomy":"post_tag","embeddable":true,"href":"https:\/\/www.legalvision.fr\/guides-juridiques\/wp-json\/wp\/v2\/tags?post=1105"}],"curies":[{"name":"wp","href":"https:\/\/api.w.org\/{rel}","templated":true}]}}