{"id":10917,"date":"2019-02-20T07:30:40","date_gmt":"2019-02-20T06:30:40","guid":{"rendered":"https:\/\/blog.legalvision.fr\/?p=10917"},"modified":"2022-03-27T21:21:01","modified_gmt":"2022-03-27T19:21:01","slug":"optimisation-remuneration-du-gerant-de-sarl-tous-les-conseils-des-experts","status":"publish","type":"post","link":"https:\/\/www.legalvision.fr\/guides-juridiques\/sarl\/optimisation-remuneration-du-gerant-de-sarl-tous-les-conseils-des-experts\/","title":{"rendered":"Comment optimiser sa r\u00e9mun\u00e9ration en tant que g\u00e9rant de SARL ?"},"content":{"rendered":"<p><html><body><\/p>\n<p dir=\"ltr\">Le <a href=\"https:\/\/blog.legalvision.fr\/2018\/05\/04\/statut-sarl\/\">statut de SARL<\/a> (soci\u00e9t\u00e9 \u00e0 responsabilit\u00e9 limit\u00e9e) est tr\u00e8s pris\u00e9 des entrepreneurs. En effet, la SARL est une soci\u00e9t\u00e9 commerciale au sein de laquelle la responsabilit\u00e9 des associ\u00e9s est limit\u00e9e au montant de leurs apports, et l&rsquo;entr\u00e9e de nouveaux\u00a0associ\u00e9s est soumise \u00e0 une proc\u00e9dure d&rsquo;agr\u00e9ment. Toutefois, lorsque l&rsquo;on souhaite <a href=\"https:\/\/blog.legalvision.fr\/2018\/03\/25\/monter-une-sarl\/\">monter une SARL<\/a>, en plus des formalit\u00e9s de cr\u00e9ation, il est n\u00e9cessaire de se renseigner sur les modalit\u00e9s de r\u00e9mun\u00e9ration du g\u00e9rant de SARL et de <a href=\"https:\/\/www.legalvision.fr\/modification-statuts\/changement-de-gerant\/\">changement de g\u00e9rant<\/a>.<\/p>\n<p dir=\"ltr\">En effet, la SARL est dirig\u00e9e par <strong>un ou plusieurs g\u00e9rants<\/strong>. Ces g\u00e9rants peuvent \u00e9galement \u00eatre associ\u00e9s de la soci\u00e9t\u00e9. En fonction du nombre de parts qu&rsquo;il d\u00e9tient dans la SARL, le g\u00e9rant est <strong>majoritaire<\/strong> ou <strong>minoritaire<\/strong>. Si deux g\u00e9rants d\u00e9tiennent chacun la moiti\u00e9 des parts, ils sont appel\u00e9s g\u00e9rants\u00a0<strong>\u00e9galitaires<\/strong>. La pr\u00e9sence de plusieurs g\u00e9rants constitue un coll\u00e8ge de g\u00e9rance. Le calcul des parts du g\u00e9rant tient compte de celles de son conjoint, son partenaire de PACS et ses enfants mineurs, ou encore celles d\u00e9tenues par soci\u00e9t\u00e9 interpos\u00e9e.<\/p>\n<p dir=\"ltr\">Tous les g\u00e9rants ont en principe des <a href=\"https:\/\/www.legifrance.gouv.fr\/affichCodeArticle.do?cidTexte=LEGITEXT000005634379&amp;idArticle=LEGIARTI000029946674\">pouvoirs identiques de repr\u00e9sentation<\/a> de la SARL. N\u00e9anmoins, le <a href=\"https:\/\/blog.legalvision.fr\/2018\/03\/28\/gerant-majoritaire-sarl\/\">g\u00e9rant majoritaire\u00a0de SARL<\/a> a\u00a0cons\u00e9quemment un pouvoir de d\u00e9cision plus important, notamment pour les modifications de statut. En outre, il est prot\u00e9g\u00e9 de la r\u00e9vocation par les autres associ\u00e9s.<\/p>\n<p dir=\"ltr\">D\u00e8s lors, comment nommer un g\u00e9rant de SARL ? Quel est son statut fiscal et social ? Le g\u00e9rant d&rsquo;une SARL peut-il \u00eatre salari\u00e9 ? LegalVision r\u00e9pond \u00e0 toutes vos interrogations.<\/p>\n<h3 dir=\"ltr\">Sommaire :<\/h3>\n<p dir=\"ltr\"><a href=\"#I\"><strong>I\/ Nomination et changement du g\u00e9rant de SARL<br \/>\n<\/strong><\/a><a href=\"#II\"><strong>II\/ La r\u00e9mun\u00e9ration du g\u00e9rant de SARL<br \/>\n<\/strong><\/a><strong><a href=\"#III\">III\/ Quelles charges sur la\u00a0r\u00e9mun\u00e9ration du g\u00e9rant de SARL ?<\/a><br \/>\n<a href=\"#IV\">IV\/\u00a0Un g\u00e9rant de SARL peut-il \u00eatre salari\u00e9 ?<\/a><\/strong><\/p>\n<h2 id=\"I\">I\/ Nomination et changement du g\u00e9rant de SARL<\/h2>\n<p dir=\"ltr\">La <strong>nomination d&rsquo;un g\u00e9rant de SARL<\/strong> peut intervenir \u00e0 la\u00a0<a href=\"https:\/\/www.legalvision.fr\/creation-dentreprise\/creer-une-sarl\/\">cr\u00e9ation\u00a0de la soci\u00e9t\u00e9<\/a> ou en cours de vie sociale. De surcro\u00eet, un<strong> changement de g\u00e9rant <\/strong>peut \u00eatre effectu\u00e9\u00a0pour de multiples raisons. Ce changement est notamment n\u00e9cessaire\u00a0\u00e0 la suite d&rsquo;une <a href=\"https:\/\/blog.legalvision.fr\/2018\/04\/09\/revocation-gerant-sarl\/\">r\u00e9vocation du g\u00e9rant de SARL<\/a>, ou de la\u00a0<a href=\"https:\/\/blog.legalvision.fr\/2017\/04\/12\/demission-du-gerant-dune-sarl\/\">d\u00e9mission du g\u00e9rant de SARL<\/a>.<\/p>\n<p dir=\"ltr\">Le g\u00e9rant de SARL peut \u00eatre nomm\u00e9 dans les <strong>statuts<\/strong>. N\u00e9anmoins, tout changement de g\u00e9rance impliquera alors une modification statutaire. D\u00e8s lors, la nomination par acte s\u00e9par\u00e9 est souvent pr\u00e9f\u00e9r\u00e9e. Le g\u00e9rant est alors d\u00e9sign\u00e9 par <strong>d\u00e9cision des associ\u00e9s en assembl\u00e9e g\u00e9n\u00e9rale<\/strong>. Le seuil de majorit\u00e9 l\u00e9gal doit \u00eatre respect\u00e9, ou celui fix\u00e9 par les statuts s&rsquo;il est plus important. Pour pr\u00e9voir un changement de g\u00e9rant, il faudra appliquer un parall\u00e9lisme des formes avec les modalit\u00e9s de sa nomination.<\/p>\n<p dir=\"ltr\">De plus, toute\u00a0<a href=\"https:\/\/blog.legalvision.fr\/2018\/06\/18\/nomination-d-un-nouveau-gerant-sarl\/\">nomination de g\u00e9rant SARL<\/a> ou <a href=\"https:\/\/blog.legalvision.fr\/2018\/05\/21\/changement-de-gerant-sarl\/\">changement de g\u00e9rant<\/a> inclut les formalit\u00e9s suivantes :<\/p>\n<ul>\n<li dir=\"ltr\">l&rsquo;insertion dans un <strong>journal d&rsquo;annonces l\u00e9gales<\/strong> ;<\/li>\n<li dir=\"ltr\">le d\u00e9p\u00f4t d&rsquo;un dossier aupr\u00e8s du <strong>greffe<\/strong> du tribunal de commerce, comprenant notamment un formulaire <a href=\"https:\/\/www.infogreffe.fr\/documents\/10179\/21271\/Formulaire+M0+SARL\/4b7870ec-f8a7-40b8-acef-eef80d27bd9f\">M0<\/a> pour la nomination ou <a href=\"https:\/\/www.infogreffe.fr\/documents\/10179\/21271\/Formulaire+M3+SARL-SELARL\/57689e4f-204a-4c88-85a7-ae5ccc57b197\">M3<\/a> pour le changement.<\/li>\n<\/ul>\n<h2 id=\"II\">II\/ La r\u00e9mun\u00e9ration du g\u00e9rant de SARL<\/h2>\n<p dir=\"ltr\">On entend par <a href=\"https:\/\/blog.legalvision.fr\/2018\/03\/20\/remuneration-gerant-sarl\/\">r\u00e9mun\u00e9ration du g\u00e9rant SARL<\/a> la r\u00e9mun\u00e9ration au titre du mandat social.<\/p>\n<p dir=\"ltr\">Sa r\u00e9mun\u00e9ration n&rsquo;est pas obligatoire.\u00a0Elle\u00a0peut \u00eatre fix\u00e9e dans les<strong> statuts<\/strong>. Cependant, pour pouvoir la modifier plus facilement, elle est g\u00e9n\u00e9ralement pr\u00e9vue par <strong>acte s\u00e9par\u00e9<\/strong>. La r\u00e9mun\u00e9ration des g\u00e9rants de SARL fait ainsi l&rsquo;objet de l&rsquo;<strong>approbation de l&rsquo;assembl\u00e9e g\u00e9n\u00e9rale des associ\u00e9s<\/strong>. Par cons\u00e9quent, un proc\u00e8s-verbal (PV) d&rsquo;assembl\u00e9e g\u00e9n\u00e9rale SARL sur la r\u00e9mun\u00e9ration du g\u00e9rant doit \u00eatre \u00e9tabli.<\/p>\n<p dir=\"ltr\">Par ailleurs, si le g\u00e9rant est associ\u00e9, il peut participer \u00e0 ce vote. En effet, d&rsquo;apr\u00e8s la jurisprudence, la fixation de la r\u00e9mun\u00e9ration du g\u00e9rant SARL n&rsquo;est <strong>pas une convention r\u00e9glement\u00e9e<\/strong>. N\u00e9anmoins, si le g\u00e9rant majoritaire prend part \u00e0 une d\u00e9cision qui lui octroie une r\u00e9mun\u00e9ration excessive, cela constituera un abus de majorit\u00e9.<\/p>\n<p dir=\"ltr\">La r\u00e9mun\u00e9ration du\u00a0<a href=\"https:\/\/blog.legalvision.fr\/2018\/02\/28\/dirigeant-non-associe\/\">g\u00e9rant de SARL non associ\u00e9<\/a>\u00a0peut \u00eatre fixe, ou variable en fonction des b\u00e9n\u00e9fices de l&rsquo;entreprise. Si le g\u00e9rant est \u00e9galement associ\u00e9, il percevra des dividendes en fonction de son nombre de parts. Enfin, la r\u00e9mun\u00e9ration de l&rsquo;associ\u00e9 non g\u00e9rant\u00a0SARL est uniquement constitu\u00e9e de dividendes.<\/p>\n<p dir=\"ltr\">Toutefois, si la r\u00e9mun\u00e9ration du g\u00e9rant SARL exc\u00e8de la capacit\u00e9 financi\u00e8re de la soci\u00e9t\u00e9, de nombreuses sanctions sont envisageables. La\u00a0<strong>r\u00e9mun\u00e9ration excessive<\/strong>\u00a0du g\u00e9rant de SARL peut notamment impliquer un redressement fiscal et une sanction p\u00e9nale pour abus de biens sociaux. Cela justifierait \u00e9galement une r\u00e9vocation par les associ\u00e9s.<\/p>\n<h2 id=\"III\">III\/ Quelles charges sur la\u00a0r\u00e9mun\u00e9ration du g\u00e9rant de SARL ?<\/h2>\n<p>Bien conna\u00eetre le r\u00e9gime fiscal et social applicable au g\u00e9rant est essentiel pour optimiser la r\u00e9mun\u00e9ration du g\u00e9rant de SARL.<\/p>\n<h3 dir=\"ltr\">A) R\u00e9mun\u00e9ration du g\u00e9rant de SARL : les charges fiscales<\/h3>\n<div dir=\"ltr\">L&rsquo;imposition de la r\u00e9mun\u00e9ration du g\u00e9rant de SARL d\u00e9pend du <a href=\"https:\/\/blog.legalvision.fr\/2018\/03\/29\/regime-fiscal-sarl\/\">r\u00e9gime fiscal<\/a> de la soci\u00e9t\u00e9.<\/div>\n<div dir=\"ltr\"><\/div>\n<div dir=\"ltr\">\n<table style=\"height: 585px;\" width=\"820\">\n<tbody>\n<tr>\n<td width=\"128\"><\/td>\n<td width=\"258\">\n<p style=\"text-align: center;\"><strong>SARL soumise \u00e0 l\u2019IS<\/strong><\/p>\n<\/td>\n<td style=\"text-align: center;\" width=\"264\"><strong>SARL soumise \u00e0 l\u2019IR<\/strong><\/td>\n<\/tr>\n<tr>\n<td width=\"128\">\n<p style=\"text-align: center;\"><strong>G\u00e9rant minoritaire ou \u00e9galitaire<\/strong><\/p>\n<\/td>\n<td width=\"258\">\n<p style=\"text-align: center;\">Imposition dans la cat\u00e9gorie des \u201ctraitements et salaires\u201d<\/p>\n<p style=\"text-align: center;\">D\u00e9ductible si elle correspond \u00e0 un travail effectif et n\u2019est pas excessive<\/p>\n<\/td>\n<td style=\"text-align: center;\" width=\"264\">Imposition en BIC ou BNC selon l\u2019activit\u00e9 de la SARL<\/p>\n<p>Pas de d\u00e9ductibilit\u00e9<\/td>\n<\/tr>\n<tr>\n<td width=\"128\"><strong>G\u00e9rant majoritaire<\/strong><\/td>\n<td width=\"258\">\n<p style=\"text-align: center;\">Imposition dans la cat\u00e9gorie des \u201cr\u00e9mun\u00e9rations des dirigeants\u201d<\/p>\n<p style=\"text-align: center;\">D\u00e9ductible si elle correspond \u00e0 un travail effectif et n\u2019est pas excessive<\/p>\n<\/td>\n<td width=\"264\">\n<p style=\"text-align: center;\">Imposition en BIC ou BNC selon l\u2019activit\u00e9 de la SARL<\/p>\n<p style=\"text-align: center;\">Pas de d\u00e9ductibilit\u00e9<\/p>\n<\/td>\n<\/tr>\n<tr>\n<td style=\"text-align: center;\" width=\"128\">\n<p style=\"text-align: center;\"><strong>Le g\u00e9rant non associ\u00e9<\/strong><\/p>\n<\/td>\n<td style=\"text-align: center;\" width=\"258\">Imposition dans la cat\u00e9gorie des \u201ctraitements et salaires\u201d<\/p>\n<p>D\u00e9ductible si elle correspond \u00e0 un travail effectif et n\u2019est pas excessive<\/td>\n<td width=\"264\">\n<p style=\"text-align: center;\">Imposition dans la cat\u00e9gorie des \u201ctraitements et salaires\u201d<\/p>\n<p style=\"text-align: center;\">D\u00e9ductible si elle correspond \u00e0 un travail effectif et n\u2019est pas excessive<\/p>\n<\/td>\n<\/tr>\n<\/tbody>\n<\/table>\n<\/div>\n<p>Pour optimiser les charges, il est int\u00e9ressant d&rsquo;avoir un g\u00e9rant SARL non r\u00e9mun\u00e9r\u00e9, qui est \u00e9galement associ\u00e9 et per\u00e7oit <strong>seulement des dividendes<\/strong>. En effet, les dividendes vers\u00e9s au g\u00e9rant associ\u00e9 de SARL peuvent b\u00e9n\u00e9ficier de la \u00ab\u00a0flat tax\u00a0\u00bb de 30%. Cela comprend l&rsquo;imp\u00f4t sur le revenu et les cotisations sociales.<\/p>\n<h3 dir=\"ltr\">B) R\u00e9mun\u00e9ration du g\u00e9rant de SARL : les charges sociales<\/h3>\n<p dir=\"ltr\">Certains g\u00e9rants de SARL sont <a href=\"https:\/\/www.legifrance.gouv.fr\/affichCodeArticle.do?idArticle=LEGIARTI000029961497&amp;cidTexte=LEGITEXT000006073189\"><strong>assimil\u00e9s salari\u00e9s<\/strong><\/a> et rel\u00e8vent du r\u00e9gime g\u00e9n\u00e9ral de la s\u00e9curit\u00e9 sociale. C&rsquo;est le cas du\u00a0g\u00e9rant associ\u00e9 minoritaire ou \u00e9galitaire de SARL, et du g\u00e9rant non associ\u00e9. Ces derniers sont assujettis \u00e0 la s\u00e9curit\u00e9 sociale d\u00e8s lors qu&rsquo;ils sont r\u00e9mun\u00e9r\u00e9s.<\/p>\n<p dir=\"ltr\">En revanche, le g\u00e9rant majoritaire de SARL est consid\u00e9r\u00e9 comme un\u00a0<strong>travailleur non salari\u00e9<\/strong> (TNS). Il est donc affili\u00e9 \u00e0 la s\u00e9curit\u00e9 sociale des ind\u00e9pendants (anciennement le RSI), qu&rsquo;il soit r\u00e9mun\u00e9r\u00e9 ou non.<\/p>\n<p dir=\"ltr\">Les cotisations sociales du r\u00e9gime g\u00e9n\u00e9ral sont plus \u00e9lev\u00e9es que celles du RSI. En termes de prestations, les allocations familiales et la retraite de base notamment sont identiques dans les deux r\u00e9gimes. N\u00e9anmoins, la couverture des ind\u00e9pendants est particuli\u00e8rement moindre concernant l&rsquo;assurance maladie.<\/p>\n<p dir=\"ltr\">Que le g\u00e9rant soit assimil\u00e9 salari\u00e9 ou TNS, il ne <strong>b\u00e9n\u00e9ficie pas de l&rsquo;assurance ch\u00f4mage<\/strong>. Ainsi, le g\u00e9rant non salari\u00e9 d&rsquo;une SARL n&rsquo;a pas droit au ch\u00f4mage. Seul un cumul avec un emploi salari\u00e9 le permet. Le g\u00e9rant peut \u00e9galement souscrire une assurance suppl\u00e9mentaire sp\u00e9cifique. Toutefois, la <a href=\"https:\/\/blog.legalvision.fr\/2018\/09\/28\/chomage-des-independants\/\">r\u00e9forme du ch\u00f4mage des ind\u00e9pendants<\/a> a cr\u00e9\u00e9 une allocation travailleur ind\u00e9pendant (ATI) octroy\u00e9e en cas de redressement ou liquidation judiciaire.<\/p>\n<p dir=\"ltr\">Les g\u00e9rants assimil\u00e9s salari\u00e9s<strong> non r\u00e9mun\u00e9r\u00e9s<\/strong>, tels que le\u00a0g\u00e9rant minoritaire\u00a0SARL non r\u00e9mun\u00e9r\u00e9, ne paient aucune cotisation sociale. Ils ne b\u00e9n\u00e9ficient donc d&rsquo;aucune couverture sociale. Au contraire, le g\u00e9rant majoritaire non r\u00e9mun\u00e9r\u00e9 doit tout de m\u00eame r\u00e9gler des cotisations sociales minimales \u00e0 la s\u00e9curit\u00e9 sociale des ind\u00e9pendants. Il aura ainsi une couverture sociale minimale.<\/p>\n<h2 id=\"IV\">IV\/\u00a0Un g\u00e9rant de SARL peut-il \u00eatre salari\u00e9 ?<\/h2>\n<h3>A) Peut-on \u00eatre\u00a0g\u00e9rant de SARL et salari\u00e9 d&rsquo;une autre entreprise ?<\/h3>\n<p>Il est tout \u00e0 fait possible de cumuler les qualit\u00e9s de\u00a0g\u00e9rant SARL et salari\u00e9 dans une autre entreprise. N\u00e9anmoins, l&rsquo;activit\u00e9 de la SARL ne doit pas concurrencer celle de l&rsquo;autre entreprise. En effet, tout salari\u00e9 a une obligation de loyaut\u00e9 envers son employeur, qui s&rsquo;applique au g\u00e9rant de SARL salari\u00e9.<\/p>\n<h3 dir=\"ltr\">B) Peut-on \u00eatre\u00a0g\u00e9rant salari\u00e9 d&rsquo;une SARL ?<\/h3>\n<div dir=\"ltr\">Le cumul des qualit\u00e9s de g\u00e9rant SARL et salari\u00e9 de cette m\u00eame soci\u00e9t\u00e9 est autoris\u00e9. Toutefois, pour que le cumul du mandat social et du contrat de travail soit licite, le g\u00e9rant doit \u00eatre titulaire d&rsquo;un emploi effectif. Trois \u00e9l\u00e9ment caract\u00e9risent la r\u00e9alit\u00e9 de l&#8217;emploi salari\u00e9 :<\/div>\n<ul>\n<li dir=\"ltr\">des fonctions techniques en tant que salari\u00e9 distinctes de celles de g\u00e9rant ;<\/li>\n<li dir=\"ltr\">une r\u00e9mun\u00e9ration sp\u00e9cifique du g\u00e9rant de SARL salari\u00e9 pour la fonction salari\u00e9e ;<\/li>\n<li dir=\"ltr\">un lien de subordination du g\u00e9rant salari\u00e9 envers la soci\u00e9t\u00e9.<\/li>\n<\/ul>\n<div dir=\"ltr\">Par cons\u00e9quent, sous r\u00e9serve de la r\u00e9alit\u00e9 du contrat de travail, il est admis d&rsquo;\u00eatre g\u00e9rant minoritaire salari\u00e9 SARL ou g\u00e9rant salari\u00e9 SARL non associ\u00e9. Cependant, il n&rsquo;est pas possible d&rsquo;\u00eatre g\u00e9rant majoritaire salari\u00e9 SARL ou co-g\u00e9rant salari\u00e9 SARL.<\/div>\n<div dir=\"ltr\"><\/div>\n<div dir=\"ltr\">L&rsquo;avantage d&rsquo;\u00eatre salari\u00e9 et g\u00e9rant de SARL est le b\u00e9n\u00e9fice de l&rsquo;<strong>assurance ch\u00f4mage<\/strong> au titre de l&#8217;emploi salari\u00e9.<\/div>\n<div dir=\"ltr\"><\/div>\n<div dir=\"ltr\">Enfin, tout ancien salari\u00e9 au ch\u00f4mage peut cr\u00e9er une SARL, et b\u00e9n\u00e9ficier du <a href=\"https:\/\/blog.legalvision.fr\/2019\/01\/23\/are-et-creation-entreprise-comment-ca-marche\/\">maintien de l&rsquo;ARE<\/a> sous certaines conditions, ainsi que d&rsquo;autres <a href=\"https:\/\/blog.legalvision.fr\/2018\/03\/14\/aides-creation-entreprise\/\">aides \u00e0 la cr\u00e9ation d&rsquo;entreprise<\/a>.<\/div>\n<p>\u00a0<\/p>\n<p><\/body><\/html><!--tag_auto_button_lead_legalvision--><a href=\"https:\/\/www.legalvision.fr\/tous-les-services\/?utm_source=blog&#038;utm_campaign=optimisation-remuneration-du-gerant-de-sarl-tous-les-conseils-des-experts\" class=\"tag_auto_button_lead_legalvision\"><button style=\"background-color:#32c3bf;width:100%;\">Cr\u00e9ez votre SARL en quelques clics avec LegalVision<\/button><\/a><!--tag_auto_button_lead_legalvision--><\/p>\n","protected":false},"excerpt":{"rendered":"<p>Le statut de SARL (soci\u00e9t\u00e9 \u00e0 responsabilit\u00e9 limit\u00e9e) est tr\u00e8s pris\u00e9 des entrepreneurs. En effet, la SARL est une soci\u00e9t\u00e9 commerciale au sein de laquelle la responsabilit\u00e9 des associ\u00e9s est limit\u00e9e au montant de leurs apports, et l&rsquo;entr\u00e9e de nouveaux\u00a0associ\u00e9s est soumise \u00e0 une proc\u00e9dure d&rsquo;agr\u00e9ment. Toutefois, lorsque l&rsquo;on souhaite monter une SARL, en plus&hellip; <a class=\"more-link\" href=\"https:\/\/www.legalvision.fr\/guides-juridiques\/sarl\/optimisation-remuneration-du-gerant-de-sarl-tous-les-conseils-des-experts\/\">Poursuivre la lecture <span class=\"screen-reader-text\">Comment optimiser sa r\u00e9mun\u00e9ration en tant que g\u00e9rant de SARL ?<\/span><\/a><\/p>\n","protected":false},"author":32,"featured_media":10938,"comment_status":"open","ping_status":"open","sticky":false,"template":"","format":"standard","meta":{"content-type":"","inline_featured_image":false,"footnotes":""},"categories":[2497],"tags":[],"class_list":["post-10917","post","type-post","status-publish","format-standard","has-post-thumbnail","hentry","category-sarl","entry"],"yoast_head":"<!-- This site is optimized with the Yoast SEO plugin v27.1.1 - https:\/\/yoast.com\/product\/yoast-seo-wordpress\/ -->\n<title>R\u00e9mun\u00e9ration du g\u00e9rant de SARL : tous les conseils pour l&#039;optimiser !<\/title>\n<meta name=\"description\" content=\"Comment optimiser la r\u00e9mun\u00e9ration du g\u00e9rant de SARL ? Peut-on \u00eatre salari\u00e9 et g\u00e9rant d&#039;une SARL ? LegalVision r\u00e9pond \u00e0 toutes vos questions.\" \/>\n<meta name=\"robots\" content=\"index, follow, max-snippet:-1, max-image-preview:large, max-video-preview:-1\" \/>\n<link rel=\"canonical\" href=\"https:\/\/www.legalvision.fr\/guides-juridiques\/sarl\/optimisation-remuneration-du-gerant-de-sarl-tous-les-conseils-des-experts\/\" \/>\n<meta property=\"og:locale\" content=\"fr_FR\" \/>\n<meta property=\"og:type\" content=\"article\" \/>\n<meta property=\"og:title\" content=\"R\u00e9mun\u00e9ration du g\u00e9rant de SARL : tous les conseils pour l&#039;optimiser !\" \/>\n<meta property=\"og:description\" content=\"Comment optimiser la r\u00e9mun\u00e9ration du g\u00e9rant de SARL ? Peut-on \u00eatre salari\u00e9 et g\u00e9rant d&#039;une SARL ? LegalVision r\u00e9pond \u00e0 toutes vos questions.\" \/>\n<meta property=\"og:url\" content=\"https:\/\/www.legalvision.fr\/guides-juridiques\/sarl\/optimisation-remuneration-du-gerant-de-sarl-tous-les-conseils-des-experts\/\" \/>\n<meta property=\"og:site_name\" content=\"Guides juridiques\" \/>\n<meta property=\"article:published_time\" content=\"2019-02-20T06:30:40+00:00\" \/>\n<meta property=\"article:modified_time\" content=\"2022-03-27T19:21:01+00:00\" \/>\n<meta property=\"og:image\" content=\"https:\/\/www.legalvision.fr\/guides-juridiques\/wp-content\/uploads\/2019\/01\/r\u00e9mun\u00e9ration-du-g\u00e9rant-de-sarl-1.png\" \/>\n\t<meta property=\"og:image:width\" content=\"958\" \/>\n\t<meta property=\"og:image:height\" content=\"350\" \/>\n\t<meta property=\"og:image:type\" content=\"image\/png\" \/>\n<meta name=\"author\" content=\"Anna Vandoeuvre\" \/>\n<meta name=\"twitter:card\" content=\"summary_large_image\" \/>\n<meta name=\"twitter:label1\" content=\"\u00c9crit par\" \/>\n\t<meta name=\"twitter:data1\" content=\"Anna Vandoeuvre\" \/>\n\t<meta name=\"twitter:label2\" content=\"Dur\u00e9e de lecture estim\u00e9e\" \/>\n\t<meta name=\"twitter:data2\" content=\"9 minutes\" \/>\n<script type=\"application\/ld+json\" class=\"yoast-schema-graph\">{\"@context\":\"https:\/\/schema.org\",\"@graph\":[{\"@type\":\"Article\",\"@id\":\"https:\/\/www.legalvision.fr\/guides-juridiques\/sarl\/optimisation-remuneration-du-gerant-de-sarl-tous-les-conseils-des-experts\/#article\",\"isPartOf\":{\"@id\":\"https:\/\/www.legalvision.fr\/guides-juridiques\/sarl\/optimisation-remuneration-du-gerant-de-sarl-tous-les-conseils-des-experts\/\"},\"author\":{\"name\":\"Anna Vandoeuvre\",\"@id\":\"https:\/\/www.legalvision.fr\/guides-juridiques\/#\/schema\/person\/1c21f1bfa7dd3dc828b37599170a5d6e\"},\"headline\":\"Comment optimiser sa r\u00e9mun\u00e9ration en tant que g\u00e9rant de SARL ?\",\"datePublished\":\"2019-02-20T06:30:40+00:00\",\"dateModified\":\"2022-03-27T19:21:01+00:00\",\"mainEntityOfPage\":{\"@id\":\"https:\/\/www.legalvision.fr\/guides-juridiques\/sarl\/optimisation-remuneration-du-gerant-de-sarl-tous-les-conseils-des-experts\/\"},\"wordCount\":1780,\"commentCount\":4,\"publisher\":{\"@id\":\"https:\/\/www.legalvision.fr\/guides-juridiques\/#organization\"},\"image\":{\"@id\":\"https:\/\/www.legalvision.fr\/guides-juridiques\/sarl\/optimisation-remuneration-du-gerant-de-sarl-tous-les-conseils-des-experts\/#primaryimage\"},\"thumbnailUrl\":\"https:\/\/www.legalvision.fr\/guides-juridiques\/wp-content\/uploads\/2019\/01\/r\u00e9mun\u00e9ration-du-g\u00e9rant-de-sarl-1.png\",\"articleSection\":[\"SARL\"],\"inLanguage\":\"fr-FR\",\"potentialAction\":[{\"@type\":\"CommentAction\",\"name\":\"Comment\",\"target\":[\"https:\/\/www.legalvision.fr\/guides-juridiques\/sarl\/optimisation-remuneration-du-gerant-de-sarl-tous-les-conseils-des-experts\/#respond\"]}]},{\"@type\":\"WebPage\",\"@id\":\"https:\/\/www.legalvision.fr\/guides-juridiques\/sarl\/optimisation-remuneration-du-gerant-de-sarl-tous-les-conseils-des-experts\/\",\"url\":\"https:\/\/www.legalvision.fr\/guides-juridiques\/sarl\/optimisation-remuneration-du-gerant-de-sarl-tous-les-conseils-des-experts\/\",\"name\":\"R\u00e9mun\u00e9ration du g\u00e9rant de SARL : tous les conseils pour l'optimiser !\",\"isPartOf\":{\"@id\":\"https:\/\/www.legalvision.fr\/guides-juridiques\/#website\"},\"primaryImageOfPage\":{\"@id\":\"https:\/\/www.legalvision.fr\/guides-juridiques\/sarl\/optimisation-remuneration-du-gerant-de-sarl-tous-les-conseils-des-experts\/#primaryimage\"},\"image\":{\"@id\":\"https:\/\/www.legalvision.fr\/guides-juridiques\/sarl\/optimisation-remuneration-du-gerant-de-sarl-tous-les-conseils-des-experts\/#primaryimage\"},\"thumbnailUrl\":\"https:\/\/www.legalvision.fr\/guides-juridiques\/wp-content\/uploads\/2019\/01\/r\u00e9mun\u00e9ration-du-g\u00e9rant-de-sarl-1.png\",\"datePublished\":\"2019-02-20T06:30:40+00:00\",\"dateModified\":\"2022-03-27T19:21:01+00:00\",\"description\":\"Comment optimiser la r\u00e9mun\u00e9ration du g\u00e9rant de SARL ? Peut-on \u00eatre salari\u00e9 et g\u00e9rant d'une SARL ? LegalVision r\u00e9pond \u00e0 toutes vos questions.\",\"breadcrumb\":{\"@id\":\"https:\/\/www.legalvision.fr\/guides-juridiques\/sarl\/optimisation-remuneration-du-gerant-de-sarl-tous-les-conseils-des-experts\/#breadcrumb\"},\"inLanguage\":\"fr-FR\",\"potentialAction\":[{\"@type\":\"ReadAction\",\"target\":[\"https:\/\/www.legalvision.fr\/guides-juridiques\/sarl\/optimisation-remuneration-du-gerant-de-sarl-tous-les-conseils-des-experts\/\"]}]},{\"@type\":\"ImageObject\",\"inLanguage\":\"fr-FR\",\"@id\":\"https:\/\/www.legalvision.fr\/guides-juridiques\/sarl\/optimisation-remuneration-du-gerant-de-sarl-tous-les-conseils-des-experts\/#primaryimage\",\"url\":\"https:\/\/www.legalvision.fr\/guides-juridiques\/wp-content\/uploads\/2019\/01\/r\u00e9mun\u00e9ration-du-g\u00e9rant-de-sarl-1.png\",\"contentUrl\":\"https:\/\/www.legalvision.fr\/guides-juridiques\/wp-content\/uploads\/2019\/01\/r\u00e9mun\u00e9ration-du-g\u00e9rant-de-sarl-1.png\",\"width\":958,\"height\":350,\"caption\":\"r\u00e9mun\u00e9ration du g\u00e9rant de SARL\"},{\"@type\":\"BreadcrumbList\",\"@id\":\"https:\/\/www.legalvision.fr\/guides-juridiques\/sarl\/optimisation-remuneration-du-gerant-de-sarl-tous-les-conseils-des-experts\/#breadcrumb\",\"itemListElement\":[{\"@type\":\"ListItem\",\"position\":1,\"name\":\"Accueil\",\"item\":\"https:\/\/www.legalvision.fr\/guides-juridiques\/\"},{\"@type\":\"ListItem\",\"position\":2,\"name\":\"SARL\",\"item\":\"https:\/\/www.legalvision.fr\/guides-juridiques\/sarl\/\"},{\"@type\":\"ListItem\",\"position\":3,\"name\":\"Comment optimiser sa r\u00e9mun\u00e9ration en tant que g\u00e9rant de SARL ?\"}]},{\"@type\":\"WebSite\",\"@id\":\"https:\/\/www.legalvision.fr\/guides-juridiques\/#website\",\"url\":\"https:\/\/www.legalvision.fr\/guides-juridiques\/\",\"name\":\"Guides juridiques\",\"description\":\"L&#039;information juridique \u00e0 destination des entreprises et TPE\",\"publisher\":{\"@id\":\"https:\/\/www.legalvision.fr\/guides-juridiques\/#organization\"},\"potentialAction\":[{\"@type\":\"SearchAction\",\"target\":{\"@type\":\"EntryPoint\",\"urlTemplate\":\"https:\/\/www.legalvision.fr\/guides-juridiques\/?s={search_term_string}\"},\"query-input\":{\"@type\":\"PropertyValueSpecification\",\"valueRequired\":true,\"valueName\":\"search_term_string\"}}],\"inLanguage\":\"fr-FR\"},{\"@type\":\"Organization\",\"@id\":\"https:\/\/www.legalvision.fr\/guides-juridiques\/#organization\",\"name\":\"Guides juridiques\",\"url\":\"https:\/\/www.legalvision.fr\/guides-juridiques\/\",\"logo\":{\"@type\":\"ImageObject\",\"inLanguage\":\"fr-FR\",\"@id\":\"https:\/\/www.legalvision.fr\/guides-juridiques\/#\/schema\/logo\/image\/\",\"url\":\"https:\/\/www.legalvision.fr\/guides-juridiques\/wp-content\/uploads\/2022\/10\/LV-Logotype.png\",\"contentUrl\":\"https:\/\/www.legalvision.fr\/guides-juridiques\/wp-content\/uploads\/2022\/10\/LV-Logotype.png\",\"width\":647,\"height\":125,\"caption\":\"Guides juridiques\"},\"image\":{\"@id\":\"https:\/\/www.legalvision.fr\/guides-juridiques\/#\/schema\/logo\/image\/\"}},{\"@type\":\"Person\",\"@id\":\"https:\/\/www.legalvision.fr\/guides-juridiques\/#\/schema\/person\/1c21f1bfa7dd3dc828b37599170a5d6e\",\"name\":\"Anna Vandoeuvre\",\"image\":{\"@type\":\"ImageObject\",\"inLanguage\":\"fr-FR\",\"@id\":\"https:\/\/www.legalvision.fr\/guides-juridiques\/#\/schema\/person\/image\/\",\"url\":\"https:\/\/www.legalvision.fr\/guides-juridiques\/wp-content\/uploads\/2023\/07\/cropped-femme2-96x96.png\",\"contentUrl\":\"https:\/\/www.legalvision.fr\/guides-juridiques\/wp-content\/uploads\/2023\/07\/cropped-femme2-96x96.png\",\"caption\":\"Anna Vandoeuvre\"},\"description\":\"Je suis juriste au sein de LegalVision. \u00c9l\u00e8ve-avocate et titulaire d'un M2 en droit \u00e9conomique, je m'int\u00e9resse tout particuli\u00e8rement au droit social.\",\"url\":\"https:\/\/www.legalvision.fr\/guides-juridiques\/author\/anna-valdebouze\/\"}]}<\/script>\n<!-- \/ Yoast SEO plugin. -->","yoast_head_json":{"title":"R\u00e9mun\u00e9ration du g\u00e9rant de SARL : tous les conseils pour l'optimiser !","description":"Comment optimiser la r\u00e9mun\u00e9ration du g\u00e9rant de SARL ? Peut-on \u00eatre salari\u00e9 et g\u00e9rant d'une SARL ? LegalVision r\u00e9pond \u00e0 toutes vos questions.","robots":{"index":"index","follow":"follow","max-snippet":"max-snippet:-1","max-image-preview":"max-image-preview:large","max-video-preview":"max-video-preview:-1"},"canonical":"https:\/\/www.legalvision.fr\/guides-juridiques\/sarl\/optimisation-remuneration-du-gerant-de-sarl-tous-les-conseils-des-experts\/","og_locale":"fr_FR","og_type":"article","og_title":"R\u00e9mun\u00e9ration du g\u00e9rant de SARL : tous les conseils pour l'optimiser !","og_description":"Comment optimiser la r\u00e9mun\u00e9ration du g\u00e9rant de SARL ? Peut-on \u00eatre salari\u00e9 et g\u00e9rant d'une SARL ? LegalVision r\u00e9pond \u00e0 toutes vos questions.","og_url":"https:\/\/www.legalvision.fr\/guides-juridiques\/sarl\/optimisation-remuneration-du-gerant-de-sarl-tous-les-conseils-des-experts\/","og_site_name":"Guides juridiques","article_published_time":"2019-02-20T06:30:40+00:00","article_modified_time":"2022-03-27T19:21:01+00:00","og_image":[{"width":958,"height":350,"url":"https:\/\/www.legalvision.fr\/guides-juridiques\/wp-content\/uploads\/2019\/01\/r\u00e9mun\u00e9ration-du-g\u00e9rant-de-sarl-1.png","type":"image\/png"}],"author":"Anna Vandoeuvre","twitter_card":"summary_large_image","twitter_misc":{"\u00c9crit par":"Anna Vandoeuvre","Dur\u00e9e de lecture estim\u00e9e":"9 minutes"},"schema":{"@context":"https:\/\/schema.org","@graph":[{"@type":"Article","@id":"https:\/\/www.legalvision.fr\/guides-juridiques\/sarl\/optimisation-remuneration-du-gerant-de-sarl-tous-les-conseils-des-experts\/#article","isPartOf":{"@id":"https:\/\/www.legalvision.fr\/guides-juridiques\/sarl\/optimisation-remuneration-du-gerant-de-sarl-tous-les-conseils-des-experts\/"},"author":{"name":"Anna Vandoeuvre","@id":"https:\/\/www.legalvision.fr\/guides-juridiques\/#\/schema\/person\/1c21f1bfa7dd3dc828b37599170a5d6e"},"headline":"Comment optimiser sa r\u00e9mun\u00e9ration en tant que g\u00e9rant de SARL ?","datePublished":"2019-02-20T06:30:40+00:00","dateModified":"2022-03-27T19:21:01+00:00","mainEntityOfPage":{"@id":"https:\/\/www.legalvision.fr\/guides-juridiques\/sarl\/optimisation-remuneration-du-gerant-de-sarl-tous-les-conseils-des-experts\/"},"wordCount":1780,"commentCount":4,"publisher":{"@id":"https:\/\/www.legalvision.fr\/guides-juridiques\/#organization"},"image":{"@id":"https:\/\/www.legalvision.fr\/guides-juridiques\/sarl\/optimisation-remuneration-du-gerant-de-sarl-tous-les-conseils-des-experts\/#primaryimage"},"thumbnailUrl":"https:\/\/www.legalvision.fr\/guides-juridiques\/wp-content\/uploads\/2019\/01\/r\u00e9mun\u00e9ration-du-g\u00e9rant-de-sarl-1.png","articleSection":["SARL"],"inLanguage":"fr-FR","potentialAction":[{"@type":"CommentAction","name":"Comment","target":["https:\/\/www.legalvision.fr\/guides-juridiques\/sarl\/optimisation-remuneration-du-gerant-de-sarl-tous-les-conseils-des-experts\/#respond"]}]},{"@type":"WebPage","@id":"https:\/\/www.legalvision.fr\/guides-juridiques\/sarl\/optimisation-remuneration-du-gerant-de-sarl-tous-les-conseils-des-experts\/","url":"https:\/\/www.legalvision.fr\/guides-juridiques\/sarl\/optimisation-remuneration-du-gerant-de-sarl-tous-les-conseils-des-experts\/","name":"R\u00e9mun\u00e9ration du g\u00e9rant de SARL : tous les conseils pour l'optimiser !","isPartOf":{"@id":"https:\/\/www.legalvision.fr\/guides-juridiques\/#website"},"primaryImageOfPage":{"@id":"https:\/\/www.legalvision.fr\/guides-juridiques\/sarl\/optimisation-remuneration-du-gerant-de-sarl-tous-les-conseils-des-experts\/#primaryimage"},"image":{"@id":"https:\/\/www.legalvision.fr\/guides-juridiques\/sarl\/optimisation-remuneration-du-gerant-de-sarl-tous-les-conseils-des-experts\/#primaryimage"},"thumbnailUrl":"https:\/\/www.legalvision.fr\/guides-juridiques\/wp-content\/uploads\/2019\/01\/r\u00e9mun\u00e9ration-du-g\u00e9rant-de-sarl-1.png","datePublished":"2019-02-20T06:30:40+00:00","dateModified":"2022-03-27T19:21:01+00:00","description":"Comment optimiser la r\u00e9mun\u00e9ration du g\u00e9rant de SARL ? Peut-on \u00eatre salari\u00e9 et g\u00e9rant d'une SARL ? LegalVision r\u00e9pond \u00e0 toutes vos questions.","breadcrumb":{"@id":"https:\/\/www.legalvision.fr\/guides-juridiques\/sarl\/optimisation-remuneration-du-gerant-de-sarl-tous-les-conseils-des-experts\/#breadcrumb"},"inLanguage":"fr-FR","potentialAction":[{"@type":"ReadAction","target":["https:\/\/www.legalvision.fr\/guides-juridiques\/sarl\/optimisation-remuneration-du-gerant-de-sarl-tous-les-conseils-des-experts\/"]}]},{"@type":"ImageObject","inLanguage":"fr-FR","@id":"https:\/\/www.legalvision.fr\/guides-juridiques\/sarl\/optimisation-remuneration-du-gerant-de-sarl-tous-les-conseils-des-experts\/#primaryimage","url":"https:\/\/www.legalvision.fr\/guides-juridiques\/wp-content\/uploads\/2019\/01\/r\u00e9mun\u00e9ration-du-g\u00e9rant-de-sarl-1.png","contentUrl":"https:\/\/www.legalvision.fr\/guides-juridiques\/wp-content\/uploads\/2019\/01\/r\u00e9mun\u00e9ration-du-g\u00e9rant-de-sarl-1.png","width":958,"height":350,"caption":"r\u00e9mun\u00e9ration du g\u00e9rant de SARL"},{"@type":"BreadcrumbList","@id":"https:\/\/www.legalvision.fr\/guides-juridiques\/sarl\/optimisation-remuneration-du-gerant-de-sarl-tous-les-conseils-des-experts\/#breadcrumb","itemListElement":[{"@type":"ListItem","position":1,"name":"Accueil","item":"https:\/\/www.legalvision.fr\/guides-juridiques\/"},{"@type":"ListItem","position":2,"name":"SARL","item":"https:\/\/www.legalvision.fr\/guides-juridiques\/sarl\/"},{"@type":"ListItem","position":3,"name":"Comment optimiser sa r\u00e9mun\u00e9ration en tant que g\u00e9rant de SARL ?"}]},{"@type":"WebSite","@id":"https:\/\/www.legalvision.fr\/guides-juridiques\/#website","url":"https:\/\/www.legalvision.fr\/guides-juridiques\/","name":"Guides juridiques","description":"L&#039;information juridique \u00e0 destination des entreprises et TPE","publisher":{"@id":"https:\/\/www.legalvision.fr\/guides-juridiques\/#organization"},"potentialAction":[{"@type":"SearchAction","target":{"@type":"EntryPoint","urlTemplate":"https:\/\/www.legalvision.fr\/guides-juridiques\/?s={search_term_string}"},"query-input":{"@type":"PropertyValueSpecification","valueRequired":true,"valueName":"search_term_string"}}],"inLanguage":"fr-FR"},{"@type":"Organization","@id":"https:\/\/www.legalvision.fr\/guides-juridiques\/#organization","name":"Guides juridiques","url":"https:\/\/www.legalvision.fr\/guides-juridiques\/","logo":{"@type":"ImageObject","inLanguage":"fr-FR","@id":"https:\/\/www.legalvision.fr\/guides-juridiques\/#\/schema\/logo\/image\/","url":"https:\/\/www.legalvision.fr\/guides-juridiques\/wp-content\/uploads\/2022\/10\/LV-Logotype.png","contentUrl":"https:\/\/www.legalvision.fr\/guides-juridiques\/wp-content\/uploads\/2022\/10\/LV-Logotype.png","width":647,"height":125,"caption":"Guides juridiques"},"image":{"@id":"https:\/\/www.legalvision.fr\/guides-juridiques\/#\/schema\/logo\/image\/"}},{"@type":"Person","@id":"https:\/\/www.legalvision.fr\/guides-juridiques\/#\/schema\/person\/1c21f1bfa7dd3dc828b37599170a5d6e","name":"Anna Vandoeuvre","image":{"@type":"ImageObject","inLanguage":"fr-FR","@id":"https:\/\/www.legalvision.fr\/guides-juridiques\/#\/schema\/person\/image\/","url":"https:\/\/www.legalvision.fr\/guides-juridiques\/wp-content\/uploads\/2023\/07\/cropped-femme2-96x96.png","contentUrl":"https:\/\/www.legalvision.fr\/guides-juridiques\/wp-content\/uploads\/2023\/07\/cropped-femme2-96x96.png","caption":"Anna Vandoeuvre"},"description":"Je suis juriste au sein de LegalVision. \u00c9l\u00e8ve-avocate et titulaire d'un M2 en droit \u00e9conomique, je m'int\u00e9resse tout particuli\u00e8rement au droit social.","url":"https:\/\/www.legalvision.fr\/guides-juridiques\/author\/anna-valdebouze\/"}]}},"_links":{"self":[{"href":"https:\/\/www.legalvision.fr\/guides-juridiques\/wp-json\/wp\/v2\/posts\/10917","targetHints":{"allow":["GET"]}}],"collection":[{"href":"https:\/\/www.legalvision.fr\/guides-juridiques\/wp-json\/wp\/v2\/posts"}],"about":[{"href":"https:\/\/www.legalvision.fr\/guides-juridiques\/wp-json\/wp\/v2\/types\/post"}],"author":[{"embeddable":true,"href":"https:\/\/www.legalvision.fr\/guides-juridiques\/wp-json\/wp\/v2\/users\/32"}],"replies":[{"embeddable":true,"href":"https:\/\/www.legalvision.fr\/guides-juridiques\/wp-json\/wp\/v2\/comments?post=10917"}],"version-history":[{"count":0,"href":"https:\/\/www.legalvision.fr\/guides-juridiques\/wp-json\/wp\/v2\/posts\/10917\/revisions"}],"wp:featuredmedia":[{"embeddable":true,"href":"https:\/\/www.legalvision.fr\/guides-juridiques\/wp-json\/wp\/v2\/media\/10938"}],"wp:attachment":[{"href":"https:\/\/www.legalvision.fr\/guides-juridiques\/wp-json\/wp\/v2\/media?parent=10917"}],"wp:term":[{"taxonomy":"category","embeddable":true,"href":"https:\/\/www.legalvision.fr\/guides-juridiques\/wp-json\/wp\/v2\/categories?post=10917"},{"taxonomy":"post_tag","embeddable":true,"href":"https:\/\/www.legalvision.fr\/guides-juridiques\/wp-json\/wp\/v2\/tags?post=10917"}],"curies":[{"name":"wp","href":"https:\/\/api.w.org\/{rel}","templated":true}]}}