{"id":10589,"date":"2019-02-06T07:30:33","date_gmt":"2019-02-06T06:30:33","guid":{"rendered":"https:\/\/blog.legalvision.fr\/?p=10589"},"modified":"2022-03-27T21:21:01","modified_gmt":"2022-03-27T19:21:01","slug":"registre-des-beneficiaires-effectifs-en-24h","status":"publish","type":"post","link":"https:\/\/www.legalvision.fr\/guides-juridiques\/creer-son-entreprise\/registre-des-beneficiaires-effectifs-en-24h\/","title":{"rendered":"Le registre des b\u00e9n\u00e9ficiaires effectifs : explications d\u00e9taill\u00e9es"},"content":{"rendered":"<p>LegalVision vous explique tout sur le registre des b\u00e9n\u00e9ficiaires effectifs !<\/p>\n<p><iframe title=\"Comment d\u00e9clarer les b\u00e9n\u00e9ficiaires effectifs d&#039;une soci\u00e9t\u00e9 ?\" width=\"750\" height=\"422\" src=\"https:\/\/www.youtube.com\/embed\/4AyNI-sXjfI?feature=oembed\" frameborder=\"0\" allow=\"accelerometer; autoplay; clipboard-write; encrypted-media; gyroscope; picture-in-picture\" allowfullscreen><\/iframe><\/p>\n<p>L&rsquo;Etat fran\u00e7ais a d\u00e9cid\u00e9 de renforcer la lutte contre le blanchiment d&rsquo;argent et le financement du terrorisme par une ordonnance en 2016. Dans cette optique, un nouveau dispositif pr\u00e9voit une<strong> nouvelle obligation<\/strong> \u00e0 la charge de certaines soci\u00e9t\u00e9s. Ces derni\u00e8res doivent\u00a0effectuer une<strong>\u00a0<a href=\"https:\/\/www.legalvision.fr\/declaration-beneficiaires-effectifs-d-societe\/\">d\u00e9claration<\/a> au registre des b\u00e9n\u00e9ficiaires effectifs<\/strong>.<\/p>\n<p>Vous venez de cr\u00e9er votre soci\u00e9t\u00e9 et vous\u00a0devez effectuer une inscription au\u00a0registre des b\u00e9n\u00e9ficiaires effectifs ? Pas de panique, Legalvision\u00a0est l\u00e0 pour vous aider !<\/p>\n<h3>Sommaire :<\/h3>\n<p><a href=\"#I\"><strong>D\u00e9finition Registre B\u00e9n\u00e9ficiaires Effectifs<br \/>\n<\/strong><\/a><a href=\"#II\"><strong>Les\u00a0entit\u00e9s assujetties \u00e0 l&rsquo;inscription au registre des b\u00e9n\u00e9ficiaires effectifs<br \/>\n<\/strong><\/a><a href=\"#III\"><strong>Quelles personnes peuvent \u00eatre consid\u00e9r\u00e9es\u00a0comme des\u00a0b\u00e9n\u00e9ficiaires effectifs ?<br \/>\n<\/strong><\/a><a href=\"#IV\"><strong>Obligation d&rsquo;inscription au registre des b\u00e9n\u00e9ficiaires effectifs : pour quand ?<br \/>\n<\/strong><\/a><a href=\"#V\"><strong>Le contenu du registre b\u00e9n\u00e9ficiaires effectifs<br \/>\n<\/strong><\/a><a href=\"#VI\"><strong>Formalit\u00e9s registre b\u00e9n\u00e9ficiaires effectifs<br \/>\n<\/strong><\/a><a href=\"#VII\"><strong>Sanction\u00a0\u00e0 d\u00e9faut d&rsquo;inscription au registre des b\u00e9n\u00e9ficiaires effectifs<\/strong><\/a><\/p>\n<div class=\"wp-block-button\" style=\"text-align:center;\"><a class=\"wp-block-button__link has-background\" href=\"https:\/\/www.legalvision.fr\/tous-les-services\/\">Commencer ma cr\u00e9ation d&rsquo;entreprise<\/a><\/div>\n<h2 id=\"I\">D\u00e9finition Registre B\u00e9n\u00e9ficiaires Effectifs<\/h2>\n<p>Ce registre consiste en <strong>l&rsquo;enregistrement<\/strong> de tout associ\u00e9 d&rsquo;une personne morale inscrite au Registre du Commerce et des Soci\u00e9t\u00e9s (RCS). Il permet l&rsquo;identification de toutes les personnes qui exercent un <strong>contr\u00f4le effectif<\/strong> de la soci\u00e9t\u00e9. Le registre b\u00e9n\u00e9ficiaires effectifs est une f<strong>ormalit\u00e9 obligatoire<\/strong> \u00e0 accomplir lors de la cr\u00e9ation d&rsquo;une soci\u00e9t\u00e9 d\u00e9sormais. Il est issu d&rsquo;une r\u00e9glementation europ\u00e9enne et transpos\u00e9 dans <a href=\"https:\/\/www.legifrance.gouv.fr\/affichCodeArticle.do?cidTexte=LEGITEXT000006072026&amp;idArticle=LEGIARTI000033512995&amp;dateTexte=&amp;categorieLien=cid\">le code mon\u00e9taire et financier<\/a>.<\/p>\n<p>Ainsi, il constitue une v\u00e9ritable arme contre le blanchiment d&rsquo;argent et le financement du terrorisme. Toutes les autorit\u00e9s comp\u00e9tentes pouvant y avoir acc\u00e8s sont indiqu\u00e9es, \u00e0 nouveau, dans\u00a0<a href=\"https:\/\/www.legifrance.gouv.fr\/affichCode.do;jsessionid=B651A4280DA97835D7BB3EE4EB7D0654.tplgfr23s_1?idSectionTA=LEGISCTA000033669922&amp;cidTexte=LEGITEXT000006072026&amp;dateTexte=20180120\">le code mon\u00e9taire et financier.<\/a>\u00a0 L&rsquo;id\u00e9e est de faciliter le travail des autorit\u00e9s de police ou de renseignement dans le cadre de leurs missions de contr\u00f4le ou d\u2019enqu\u00eate. En revanche, le registre des b\u00e9n\u00e9ficiaires effectifs est <strong>interdit au public<\/strong>.<\/p>\n<h2 id=\"II\">Les\u00a0entit\u00e9s assujetties \u00e0 l&rsquo;inscription au registre des b\u00e9n\u00e9ficiaires effectifs<\/h2>\n<p>Les entit\u00e9s concern\u00e9es doivent\u00a0\u00e9tablir un<strong> document<\/strong> relatif \u00e0 leur(s) b\u00e9n\u00e9ficiaire(s) effectif(s) ainsi qu&rsquo;aux modalit\u00e9s de contr\u00f4le qu&rsquo;il(s) exerce(nt) sur l&rsquo;entreprise.\u00a0Ce sont donc celles inscrites au RCS, \u00e0 savoir :<\/p>\n<ul>\n<li>Les soci\u00e9t\u00e9s civiles et commerciales.<\/li>\n<li>Les groupements d&rsquo;int\u00e9r\u00eat \u00e9conomique (GIE).<\/li>\n<li>Les associations immatricul\u00e9es au RCS.<\/li>\n<li>Les organismes de placement collectif.<\/li>\n<li>Les groupements agricoles d&rsquo;exploitation en commun (GAEC).<\/li>\n<\/ul>\n<h2 id=\"III\">Quelles personnes peuvent \u00eatre consid\u00e9r\u00e9es\u00a0comme des\u00a0b\u00e9n\u00e9ficiaires effectifs ?<\/h2>\n<p>Selon <a href=\"https:\/\/www.legifrance.gouv.fr\/affichCodeArticle.do?cidTexte=LEGITEXT000006072026&amp;idArticle=LEGIARTI000020179107&amp;dateTexte=&amp;categorieLien=cid\">la loi<\/a>, le b\u00e9n\u00e9ficiaire effectif est une personne physique:<\/p>\n<ul>\n<li>contr\u00f4lant, en dernier lieu, directement ou indirectement, le client.<\/li>\n<li>pour laquelle une op\u00e9ration ou une activit\u00e9 est exerc\u00e9e.<\/li>\n<\/ul>\n<p>En cons\u00e9quence, toute personne physique poss\u00e9dant directement ou indirectement <strong>plus de 25 % du capital ou des droits de vote<\/strong>, ou la personne exer\u00e7ant, par tout autre moyen, un pouvoir de contr\u00f4le sur la soci\u00e9t\u00e9 est un b\u00e9n\u00e9ficiaire effectif. Une soci\u00e9t\u00e9 peut donc avoir un ou plusieurs b\u00e9n\u00e9ficiaires effectifs.<\/p>\n<p>Cependant, il est possible qu&rsquo;une <strong>personne morale<\/strong> d\u00e9tienne plus de\u00a025% du capital et\/ou des droits de vote d&rsquo;une soci\u00e9t\u00e9 assujettie \u00e0 cette obligation. Dans ce cas, il faudra identifier les associ\u00e9s personnes physiques de cette autre soci\u00e9t\u00e9 et calculer leur d\u00e9tention r\u00e9elle dans l&rsquo;entit\u00e9 dont ils sont\u00a0associ\u00e9s.<\/p>\n<p><strong>Exemple<\/strong> : Une soci\u00e9t\u00e9 A d\u00e9tient 45% du capital d&rsquo;une soci\u00e9t\u00e9 B. Dans la soci\u00e9t\u00e9 B, une personne physique poss\u00e8de 75% du capital. A ce titre, il d\u00e9tient en r\u00e9alit\u00e9 33,75 % du capital de la soci\u00e9t\u00e9 A (45% x 75% = 33,75%).<\/p>\n<p><strong>Remarque : <\/strong>A l&rsquo;inverse, il est possible qu&rsquo;aucun b\u00e9n\u00e9ficiaire ne soit effectif dans une soci\u00e9t\u00e9. Dans ce cas, le repr\u00e9sentant l\u00e9gal est consid\u00e9r\u00e9 comme un b\u00e9n\u00e9ficiaire effectif.<\/p>\n<h2 id=\"IV\">Obligation d&rsquo;inscription au registre des b\u00e9n\u00e9ficiaires effectifs : pour quand ?<\/h2>\n<p>En premier lieu, l&rsquo;inscription est obligatoire pour toutes les nouvelles soci\u00e9t\u00e9s immatricul\u00e9es \u00e0 compter du 2 ao\u00fbt 2017. Pour les autres, elles devaient r\u00e9gulariser leur situation dans un d\u00e9lai courant jusqu&rsquo;au 1er avril 2018, sous peine d&rsquo;\u00eatre sanctionn\u00e9es (cf infra).<\/p>\n<p>L&rsquo;obligation d&rsquo;inscription se traduit par l&rsquo;adjonction d&rsquo;un document relatif au b\u00e9n\u00e9ficiaire effectif \u00e0 d\u00e9poser au greffe du tribunal de commerce. Le registre est ensuite tenu par le greffe.<\/p>\n<p><a href=\"https:\/\/blog.legalvision.fr\/2018\/10\/23\/document-relatif-au-beneficiaire-effectif\/\">L&rsquo;obligation de fournir ce document relatif au b\u00e9n\u00e9ficiaire effectif<\/a> peut\u00a0exister\u00a0dans deux cas :<\/p>\n<ul>\n<li>Lors de la <strong>cr\u00e9ation d&rsquo;une soci\u00e9t\u00e9<\/strong> : lors de la demande d&rsquo;immatriculation ou\u00a0au plus tard dans un d\u00e9lai de\u00a0<strong>15 jours<\/strong>\u00a0\u00e0 compter de la d\u00e9livrance du r\u00e9c\u00e9piss\u00e9 de d\u00e9p\u00f4t de dossier de cr\u00e9ation d\u2019entreprise.<\/li>\n<li>Lors d&rsquo;une <strong>modification des b\u00e9n\u00e9ficiaires effectifs<\/strong> : dans les 30 jours \u00e0 compter de tout fait entra\u00eenant un changement dans\u00a0le contr\u00f4le effectif de l&rsquo;entit\u00e9 en question.<\/li>\n<\/ul>\n<h2 id=\"V\">Le contenu du registre b\u00e9n\u00e9ficiaires effectifs<\/h2>\n<p>Le contenu du registre d\u00e9pend de la <a href=\"https:\/\/blog.legalvision.fr\/2018\/01\/26\/beneficiaires-effectifs\/\">d\u00e9claration obligatoire du b\u00e9n\u00e9ficiaire effectif pour les entreprises concern\u00e9es<\/a>. Cette d\u00e9claration est compos\u00e9e en deux parties.<\/p>\n<h3>Le contenu relatif aux informations de la soci\u00e9t\u00e9 ou de l&rsquo;entit\u00e9 juridique<\/h3>\n<p>\u00c0 ce titre, la d\u00e9claration doit contenir :<\/p>\n<ul>\n<li><a href=\"https:\/\/blog.legalvision.fr\/2017\/03\/06\/comment-changer-de-denomination-sociale\/\">la d\u00e9nomination sociale.<\/a><\/li>\n<li>la forme juridique.<\/li>\n<li>l&rsquo;adresse du <a href=\"https:\/\/blog.legalvision.fr\/2018\/05\/29\/siege-social\/\">si\u00e8ge social<\/a>.<\/li>\n<li>pour les soci\u00e9t\u00e9s existantes proc\u00e9dant \u00e0 la formalit\u00e9 : le num\u00e9ro\u00a0d\u2019identification compl\u00e9t\u00e9 par la mention RCS suivie de la ville o\u00f9 se trouve le greffe o\u00f9 elle est immatricul\u00e9e.<\/li>\n<\/ul>\n<h3>Le contenu relatif aux b\u00e9n\u00e9ficiaires effectifs<\/h3>\n<p>Pour cette partie, la d\u00e9claration doit indiquer :<\/p>\n<ul>\n<li>Les noms de la personne physique : nom patronymique, nom d\u2019usage, pseudonyme.<\/li>\n<li>Le(s) pr\u00e9nom(s).<\/li>\n<li>La date et lieu de naissance.<\/li>\n<li>La nationalit\u00e9.<\/li>\n<li>L&rsquo;adresse personnelle du b\u00e9n\u00e9ficiaire effectif.<\/li>\n<li>Les modalit\u00e9s du contr\u00f4le exerc\u00e9 sur la soci\u00e9t\u00e9 ou l\u2019entit\u00e9 juridique.<\/li>\n<li>La date \u00e0 laquelle la ou les personnes physiques sont devenues le b\u00e9n\u00e9ficiaire effectif de la soci\u00e9t\u00e9 ou de l\u2019entit\u00e9 juridique.<\/li>\n<\/ul>\n<p><strong>Remarque<\/strong> : Il convient de souligner que <strong>chaque b\u00e9n\u00e9ficiaire effectif\u00a0donne lieu \u00e0 son propre document<\/strong> aupr\u00e8s du greffe. Pareillement, chaque document d\u00e9claratif doit\u00a0\u00eatre <strong>dat\u00e9 et sign\u00e9 par le repr\u00e9sentant l\u00e9gal<\/strong> de la soci\u00e9t\u00e9 ou de l\u2019entit\u00e9 concern\u00e9e par cette d\u00e9claration.<\/p>\n<h2 id=\"VI\">Formalit\u00e9s registre b\u00e9n\u00e9ficiaires effectifs<\/h2>\n<p>A nouveau, les formalit\u00e9s diff\u00e8rent selon la date de cr\u00e9ation de l&rsquo;entit\u00e9 juridique concern\u00e9e par cette obligation d&rsquo;inscription au registre des b\u00e9n\u00e9ficiaires effectifs.<\/p>\n<h3>Formalit\u00e9s d\u00e9p\u00f4t registre des b\u00e9n\u00e9ficiaires effectifs nouvelles soci\u00e9t\u00e9s<\/h3>\n<p>Un <strong>formulaire<\/strong> doit donc \u00eatre d\u00e9pos\u00e9 dans le cadre des formalit\u00e9s de d\u00e9p\u00f4t de cr\u00e9ation de l&rsquo;entit\u00e9 aupr\u00e8s du greffe. Le formulaire diff\u00e8re selon la situation du b\u00e9n\u00e9ficiaire en question :<\/p>\n<ul>\n<li>le premier associ\u00e9 physique : formulaire DBE-S-1<\/li>\n<li>les autres associ\u00e9s personnes physiques : formulaire DBE-S-2<\/li>\n<li>les autres associ\u00e9s personnes morales : formulaire DBE-S-Bis<\/li>\n<\/ul>\n<p>Le co\u00fbt de cette formalit\u00e9 sp\u00e9cifique est d&rsquo;un montant de\u00a0<strong>23,71\u00a0euros<\/strong>.<\/p>\n<p><strong>Remarque<\/strong> : faites bien attention <strong>au d\u00e9lai de 15 jours<\/strong>\u00a0\u00e0 compter de la d\u00e9livrance du r\u00e9c\u00e9piss\u00e9 de d\u00e9p\u00f4t de dossier de cr\u00e9ation d\u2019entreprise.<\/p>\n<h3>Formalit\u00e9s d\u00e9p\u00f4t registre des b\u00e9n\u00e9ficiaires effectifs soci\u00e9t\u00e9s existantes<\/h3>\n<p>\u00c9galement, les soci\u00e9t\u00e9s d\u00e9j\u00e0 cr\u00e9\u00e9es au <strong>1er aout 2017<\/strong> devaient au plus tard effectuer ces formalit\u00e9s au 1er avril 2018. Depuis, le registre des b\u00e9n\u00e9ficiaires effectifs est d\u00e9sormais <strong>obligatoire<\/strong>. A d\u00e9faut, ces entit\u00e9s d\u00e9faillantes s&rsquo;exposent \u00e0 des <strong>sanctions<\/strong> (cf infra).<\/p>\n<p>D&rsquo;autre part, une obligation de mise \u00e0 jour pour les soci\u00e9t\u00e9s existantes existe. Elle concerne toutes les entit\u00e9s qui connaissent un<strong> changement dans leur contr\u00f4le effectif<\/strong>. Il faut alors proc\u00e9der \u00e0 une modification du registre des b\u00e9n\u00e9ficiaires effectifs. Le co\u00fbt est alors de\u00a0<strong>46.51 euros<\/strong>\u00a0pour un d\u00e9p\u00f4t modifiant un pr\u00e9c\u00e9dent d\u00e9p\u00f4t registre des b\u00e9n\u00e9ficiaires effectifs.<\/p>\n<p><strong>Remarque<\/strong> : ces formalit\u00e9s peuvent \u00eatre effectu\u00e9es en ligne notamment.<\/p>\n<h2 id=\"VII\">Sanction\u00a0\u00e0 d\u00e9faut d&rsquo;inscription au registre des b\u00e9n\u00e9ficiaires effectifs<\/h2>\n<p>Premi\u00e8rement, un d\u00e9p\u00f4t de la d\u00e9claration au registre des b\u00e9n\u00e9ficiaires effectifs peut conna\u00eetre un <strong>rejet<\/strong>. Il en est ainsi lorsque des contradictions existent entre les informations d\u00e9clar\u00e9es et celles que poss\u00e8de le greffe du tribunal de commerce.<\/p>\n<p>Ensuite, la sanction est identique pour le d\u00e9faut de d\u00e9p\u00f4t du formulaire d\u00e9claratif et pour le d\u00e9p\u00f4t d&rsquo;informations inexactes et\/ou incompl\u00e8tes. <a href=\"https:\/\/www.legifrance.gouv.fr\/affichCodeArticle.do;jsessionid=1A4DC8D27D1866C02AA8518664281430.tplgfr30s_2?cidTexte=LEGITEXT000006072026&amp;idArticle=LEGIARTI000033513674&amp;dateTexte=20171013&amp;categorieLien=cid\">La loi<\/a>\u00a0 dispose que le fait de ne pas d\u00e9poser au registre\u00a0des b\u00e9n\u00e9ficiaires effectifs\u00a0le document relatif au b\u00e9n\u00e9ficiaire effectif requis ou de d\u00e9poser un document comportant des informations inexactes ou incompl\u00e8tes est puni de <strong>six mois d&#8217;emprisonnement<\/strong> et de <strong>7 500 \u20ac d&rsquo;amende<\/strong>.<\/p>\n<p>En plus de cette sanction\u00a0d\u00e9j\u00e0 particuli\u00e8rement s\u00e9v\u00e8re, une sanction p\u00e9nale peut s&rsquo;ajouter. La loi p\u00e9nale pr\u00e9voit de pouvoir sanctionner d&rsquo;une peine d&rsquo;interdiction de g\u00e9rer pour le b\u00e9n\u00e9ficiaire d\u00e9faillant, voire\u00a0une\u00a0<strong>privation partielle des droits civiques et civils.\u00a0<\/strong><\/p>\n<p>Vous l&rsquo;avez compris, le dispositif de la lutte contre le blanchiment d&rsquo;argent et contre le financement du terrorisme s&rsquo;est consid\u00e9rablement renforc\u00e9. La d\u00e9claration aux fins d&rsquo;inscription au registre des b\u00e9n\u00e9ficiaires effectifs est devenue une obligation et les sanctions pr\u00e9vues sont s\u00e9v\u00e8res.<\/p>\n<p>Vous n&rsquo;avez toujours pas proc\u00e9d\u00e9 \u00e0 cette formalit\u00e9 ? N&rsquo;attendez plus et effectuez votre d\u00e9claration au registre des b\u00e9n\u00e9ficiaires effectifs.<\/p>\n<p><strong>\u00a0<\/strong><\/p>\n<p><\/p>\n<div class=\"wp-block-button\" style=\"text-align:center;\"><a class=\"wp-block-button__link has-background\" href=\"https:\/\/www.legalvision.fr\/tous-les-services\/\">Commencer ma cr\u00e9ation d&rsquo;entreprise<\/a><\/div>\n","protected":false},"excerpt":{"rendered":"<p>LegalVision vous explique tout sur le registre des b\u00e9n\u00e9ficiaires effectifs ! L&rsquo;Etat fran\u00e7ais a d\u00e9cid\u00e9 de renforcer la lutte contre le blanchiment d&rsquo;argent et le financement du terrorisme par une ordonnance en 2016. Dans cette optique, un nouveau dispositif pr\u00e9voit une nouvelle obligation \u00e0 la charge de certaines soci\u00e9t\u00e9s. Ces derni\u00e8res doivent\u00a0effectuer une\u00a0d\u00e9claration au registre&hellip; <a class=\"more-link\" href=\"https:\/\/www.legalvision.fr\/guides-juridiques\/creer-son-entreprise\/registre-des-beneficiaires-effectifs-en-24h\/\">Poursuivre la lecture <span class=\"screen-reader-text\">Le registre des b\u00e9n\u00e9ficiaires effectifs : explications d\u00e9taill\u00e9es<\/span><\/a><\/p>\n","protected":false},"author":33,"featured_media":22691,"comment_status":"open","ping_status":"open","sticky":false,"template":"","format":"standard","meta":{"content-type":"","inline_featured_image":false,"footnotes":""},"categories":[2481],"tags":[],"class_list":["post-10589","post","type-post","status-publish","format-standard","has-post-thumbnail","hentry","category-creer-son-entreprise","entry"],"yoast_head":"<!-- This site is optimized with the Yoast SEO plugin v27.1.1 - https:\/\/yoast.com\/product\/yoast-seo-wordpress\/ -->\n<title>Registre des b\u00e9n\u00e9ficiaires effectifs : une obligation pour toutes les soci\u00e9t\u00e9s<\/title>\n<meta name=\"description\" content=\"Afin de renforcer le dispositif de lutte contre le blanchiment d&#039;argent, une d\u00e9claration au registre des b\u00e9n\u00e9ficiaires effectifs est d\u00e9sormais obligatoire.\" \/>\n<meta name=\"robots\" content=\"index, follow, max-snippet:-1, max-image-preview:large, max-video-preview:-1\" \/>\n<link rel=\"canonical\" href=\"https:\/\/www.legalvision.fr\/guides-juridiques\/creer-son-entreprise\/registre-des-beneficiaires-effectifs-en-24h\/\" \/>\n<meta property=\"og:locale\" content=\"fr_FR\" \/>\n<meta property=\"og:type\" content=\"article\" \/>\n<meta property=\"og:title\" content=\"Registre des b\u00e9n\u00e9ficiaires effectifs : une obligation pour toutes les soci\u00e9t\u00e9s\" \/>\n<meta property=\"og:description\" content=\"Afin de renforcer le dispositif de lutte contre le blanchiment d&#039;argent, une d\u00e9claration au registre des b\u00e9n\u00e9ficiaires effectifs est d\u00e9sormais obligatoire.\" \/>\n<meta property=\"og:url\" content=\"https:\/\/www.legalvision.fr\/guides-juridiques\/creer-son-entreprise\/registre-des-beneficiaires-effectifs-en-24h\/\" \/>\n<meta property=\"og:site_name\" content=\"Guides juridiques\" \/>\n<meta property=\"article:published_time\" content=\"2019-02-06T06:30:33+00:00\" \/>\n<meta property=\"article:modified_time\" content=\"2022-03-27T19:21:01+00:00\" \/>\n<meta property=\"og:image\" content=\"https:\/\/www.legalvision.fr\/guides-juridiques\/wp-content\/uploads\/2019\/02\/DBE.jpg\" \/>\n\t<meta property=\"og:image:width\" content=\"958\" \/>\n\t<meta property=\"og:image:height\" content=\"350\" \/>\n\t<meta property=\"og:image:type\" content=\"image\/jpeg\" \/>\n<meta name=\"author\" content=\"Sacha.Cohen\" \/>\n<meta name=\"twitter:card\" content=\"summary_large_image\" \/>\n<meta name=\"twitter:label1\" content=\"\u00c9crit par\" \/>\n\t<meta name=\"twitter:data1\" content=\"Sacha.Cohen\" \/>\n\t<meta name=\"twitter:label2\" content=\"Dur\u00e9e de lecture estim\u00e9e\" \/>\n\t<meta name=\"twitter:data2\" content=\"8 minutes\" \/>\n<script type=\"application\/ld+json\" class=\"yoast-schema-graph\">{\"@context\":\"https:\/\/schema.org\",\"@graph\":[{\"@type\":\"Article\",\"@id\":\"https:\/\/www.legalvision.fr\/guides-juridiques\/creer-son-entreprise\/registre-des-beneficiaires-effectifs-en-24h\/#article\",\"isPartOf\":{\"@id\":\"https:\/\/www.legalvision.fr\/guides-juridiques\/creer-son-entreprise\/registre-des-beneficiaires-effectifs-en-24h\/\"},\"author\":{\"name\":\"Sacha.Cohen\",\"@id\":\"https:\/\/www.legalvision.fr\/guides-juridiques\/#\/schema\/person\/49bcfe1319a527ee9e9feb3a0df896af\"},\"headline\":\"Le registre des b\u00e9n\u00e9ficiaires effectifs : explications d\u00e9taill\u00e9es\",\"datePublished\":\"2019-02-06T06:30:33+00:00\",\"dateModified\":\"2022-03-27T19:21:01+00:00\",\"mainEntityOfPage\":{\"@id\":\"https:\/\/www.legalvision.fr\/guides-juridiques\/creer-son-entreprise\/registre-des-beneficiaires-effectifs-en-24h\/\"},\"wordCount\":1702,\"commentCount\":4,\"publisher\":{\"@id\":\"https:\/\/www.legalvision.fr\/guides-juridiques\/#organization\"},\"image\":{\"@id\":\"https:\/\/www.legalvision.fr\/guides-juridiques\/creer-son-entreprise\/registre-des-beneficiaires-effectifs-en-24h\/#primaryimage\"},\"thumbnailUrl\":\"https:\/\/www.legalvision.fr\/guides-juridiques\/wp-content\/uploads\/2019\/02\/DBE.jpg\",\"articleSection\":[\"Cr\u00e9er son entreprise\"],\"inLanguage\":\"fr-FR\",\"potentialAction\":[{\"@type\":\"CommentAction\",\"name\":\"Comment\",\"target\":[\"https:\/\/www.legalvision.fr\/guides-juridiques\/creer-son-entreprise\/registre-des-beneficiaires-effectifs-en-24h\/#respond\"]}]},{\"@type\":\"WebPage\",\"@id\":\"https:\/\/www.legalvision.fr\/guides-juridiques\/creer-son-entreprise\/registre-des-beneficiaires-effectifs-en-24h\/\",\"url\":\"https:\/\/www.legalvision.fr\/guides-juridiques\/creer-son-entreprise\/registre-des-beneficiaires-effectifs-en-24h\/\",\"name\":\"Registre des b\u00e9n\u00e9ficiaires effectifs : une obligation pour toutes les soci\u00e9t\u00e9s\",\"isPartOf\":{\"@id\":\"https:\/\/www.legalvision.fr\/guides-juridiques\/#website\"},\"primaryImageOfPage\":{\"@id\":\"https:\/\/www.legalvision.fr\/guides-juridiques\/creer-son-entreprise\/registre-des-beneficiaires-effectifs-en-24h\/#primaryimage\"},\"image\":{\"@id\":\"https:\/\/www.legalvision.fr\/guides-juridiques\/creer-son-entreprise\/registre-des-beneficiaires-effectifs-en-24h\/#primaryimage\"},\"thumbnailUrl\":\"https:\/\/www.legalvision.fr\/guides-juridiques\/wp-content\/uploads\/2019\/02\/DBE.jpg\",\"datePublished\":\"2019-02-06T06:30:33+00:00\",\"dateModified\":\"2022-03-27T19:21:01+00:00\",\"description\":\"Afin de renforcer le dispositif de lutte contre le blanchiment d'argent, une d\u00e9claration au registre des b\u00e9n\u00e9ficiaires effectifs est d\u00e9sormais obligatoire.\",\"breadcrumb\":{\"@id\":\"https:\/\/www.legalvision.fr\/guides-juridiques\/creer-son-entreprise\/registre-des-beneficiaires-effectifs-en-24h\/#breadcrumb\"},\"inLanguage\":\"fr-FR\",\"potentialAction\":[{\"@type\":\"ReadAction\",\"target\":[\"https:\/\/www.legalvision.fr\/guides-juridiques\/creer-son-entreprise\/registre-des-beneficiaires-effectifs-en-24h\/\"]}]},{\"@type\":\"ImageObject\",\"inLanguage\":\"fr-FR\",\"@id\":\"https:\/\/www.legalvision.fr\/guides-juridiques\/creer-son-entreprise\/registre-des-beneficiaires-effectifs-en-24h\/#primaryimage\",\"url\":\"https:\/\/www.legalvision.fr\/guides-juridiques\/wp-content\/uploads\/2019\/02\/DBE.jpg\",\"contentUrl\":\"https:\/\/www.legalvision.fr\/guides-juridiques\/wp-content\/uploads\/2019\/02\/DBE.jpg\",\"width\":958,\"height\":350,\"caption\":\"Registre des b\u00e9n\u00e9ficiaires effectifs\"},{\"@type\":\"BreadcrumbList\",\"@id\":\"https:\/\/www.legalvision.fr\/guides-juridiques\/creer-son-entreprise\/registre-des-beneficiaires-effectifs-en-24h\/#breadcrumb\",\"itemListElement\":[{\"@type\":\"ListItem\",\"position\":1,\"name\":\"Accueil\",\"item\":\"https:\/\/www.legalvision.fr\/guides-juridiques\/\"},{\"@type\":\"ListItem\",\"position\":2,\"name\":\"Cr\u00e9er son entreprise\",\"item\":\"https:\/\/www.legalvision.fr\/guides-juridiques\/creer-son-entreprise\/\"},{\"@type\":\"ListItem\",\"position\":3,\"name\":\"Le registre des b\u00e9n\u00e9ficiaires effectifs : explications d\u00e9taill\u00e9es\"}]},{\"@type\":\"WebSite\",\"@id\":\"https:\/\/www.legalvision.fr\/guides-juridiques\/#website\",\"url\":\"https:\/\/www.legalvision.fr\/guides-juridiques\/\",\"name\":\"Guides juridiques\",\"description\":\"L&#039;information juridique \u00e0 destination des entreprises et TPE\",\"publisher\":{\"@id\":\"https:\/\/www.legalvision.fr\/guides-juridiques\/#organization\"},\"potentialAction\":[{\"@type\":\"SearchAction\",\"target\":{\"@type\":\"EntryPoint\",\"urlTemplate\":\"https:\/\/www.legalvision.fr\/guides-juridiques\/?s={search_term_string}\"},\"query-input\":{\"@type\":\"PropertyValueSpecification\",\"valueRequired\":true,\"valueName\":\"search_term_string\"}}],\"inLanguage\":\"fr-FR\"},{\"@type\":\"Organization\",\"@id\":\"https:\/\/www.legalvision.fr\/guides-juridiques\/#organization\",\"name\":\"Guides juridiques\",\"url\":\"https:\/\/www.legalvision.fr\/guides-juridiques\/\",\"logo\":{\"@type\":\"ImageObject\",\"inLanguage\":\"fr-FR\",\"@id\":\"https:\/\/www.legalvision.fr\/guides-juridiques\/#\/schema\/logo\/image\/\",\"url\":\"https:\/\/www.legalvision.fr\/guides-juridiques\/wp-content\/uploads\/2022\/10\/LV-Logotype.png\",\"contentUrl\":\"https:\/\/www.legalvision.fr\/guides-juridiques\/wp-content\/uploads\/2022\/10\/LV-Logotype.png\",\"width\":647,\"height\":125,\"caption\":\"Guides juridiques\"},\"image\":{\"@id\":\"https:\/\/www.legalvision.fr\/guides-juridiques\/#\/schema\/logo\/image\/\"}},{\"@type\":\"Person\",\"@id\":\"https:\/\/www.legalvision.fr\/guides-juridiques\/#\/schema\/person\/49bcfe1319a527ee9e9feb3a0df896af\",\"name\":\"Sacha.Cohen\",\"image\":{\"@type\":\"ImageObject\",\"inLanguage\":\"fr-FR\",\"@id\":\"https:\/\/www.legalvision.fr\/guides-juridiques\/#\/schema\/person\/image\/\",\"url\":\"https:\/\/www.legalvision.fr\/guides-juridiques\/wp-content\/uploads\/2023\/07\/femme18-96x96.png\",\"contentUrl\":\"https:\/\/www.legalvision.fr\/guides-juridiques\/wp-content\/uploads\/2023\/07\/femme18-96x96.png\",\"caption\":\"Sacha.Cohen\"},\"description\":\"Sacha est juriste au sein de LegalVision. \u00c9l\u00e8ve-avocat et titulaire d'un Master 2 Droit des affaires internationales \u00e0 Assas, il s'int\u00e9resse tout particuli\u00e8rement au droit des soci\u00e9t\u00e9s.\",\"url\":\"https:\/\/www.legalvision.fr\/guides-juridiques\/author\/sacha-cohen\/\"}]}<\/script>\n<!-- \/ Yoast SEO plugin. -->","yoast_head_json":{"title":"Registre des b\u00e9n\u00e9ficiaires effectifs : une obligation pour toutes les soci\u00e9t\u00e9s","description":"Afin de renforcer le dispositif de lutte contre le blanchiment d'argent, une d\u00e9claration au registre des b\u00e9n\u00e9ficiaires effectifs est d\u00e9sormais obligatoire.","robots":{"index":"index","follow":"follow","max-snippet":"max-snippet:-1","max-image-preview":"max-image-preview:large","max-video-preview":"max-video-preview:-1"},"canonical":"https:\/\/www.legalvision.fr\/guides-juridiques\/creer-son-entreprise\/registre-des-beneficiaires-effectifs-en-24h\/","og_locale":"fr_FR","og_type":"article","og_title":"Registre des b\u00e9n\u00e9ficiaires effectifs : une obligation pour toutes les soci\u00e9t\u00e9s","og_description":"Afin de renforcer le dispositif de lutte contre le blanchiment d'argent, une d\u00e9claration au registre des b\u00e9n\u00e9ficiaires effectifs est d\u00e9sormais obligatoire.","og_url":"https:\/\/www.legalvision.fr\/guides-juridiques\/creer-son-entreprise\/registre-des-beneficiaires-effectifs-en-24h\/","og_site_name":"Guides juridiques","article_published_time":"2019-02-06T06:30:33+00:00","article_modified_time":"2022-03-27T19:21:01+00:00","og_image":[{"width":958,"height":350,"url":"https:\/\/www.legalvision.fr\/guides-juridiques\/wp-content\/uploads\/2019\/02\/DBE.jpg","type":"image\/jpeg"}],"author":"Sacha.Cohen","twitter_card":"summary_large_image","twitter_misc":{"\u00c9crit par":"Sacha.Cohen","Dur\u00e9e de lecture estim\u00e9e":"8 minutes"},"schema":{"@context":"https:\/\/schema.org","@graph":[{"@type":"Article","@id":"https:\/\/www.legalvision.fr\/guides-juridiques\/creer-son-entreprise\/registre-des-beneficiaires-effectifs-en-24h\/#article","isPartOf":{"@id":"https:\/\/www.legalvision.fr\/guides-juridiques\/creer-son-entreprise\/registre-des-beneficiaires-effectifs-en-24h\/"},"author":{"name":"Sacha.Cohen","@id":"https:\/\/www.legalvision.fr\/guides-juridiques\/#\/schema\/person\/49bcfe1319a527ee9e9feb3a0df896af"},"headline":"Le registre des b\u00e9n\u00e9ficiaires effectifs : explications d\u00e9taill\u00e9es","datePublished":"2019-02-06T06:30:33+00:00","dateModified":"2022-03-27T19:21:01+00:00","mainEntityOfPage":{"@id":"https:\/\/www.legalvision.fr\/guides-juridiques\/creer-son-entreprise\/registre-des-beneficiaires-effectifs-en-24h\/"},"wordCount":1702,"commentCount":4,"publisher":{"@id":"https:\/\/www.legalvision.fr\/guides-juridiques\/#organization"},"image":{"@id":"https:\/\/www.legalvision.fr\/guides-juridiques\/creer-son-entreprise\/registre-des-beneficiaires-effectifs-en-24h\/#primaryimage"},"thumbnailUrl":"https:\/\/www.legalvision.fr\/guides-juridiques\/wp-content\/uploads\/2019\/02\/DBE.jpg","articleSection":["Cr\u00e9er son entreprise"],"inLanguage":"fr-FR","potentialAction":[{"@type":"CommentAction","name":"Comment","target":["https:\/\/www.legalvision.fr\/guides-juridiques\/creer-son-entreprise\/registre-des-beneficiaires-effectifs-en-24h\/#respond"]}]},{"@type":"WebPage","@id":"https:\/\/www.legalvision.fr\/guides-juridiques\/creer-son-entreprise\/registre-des-beneficiaires-effectifs-en-24h\/","url":"https:\/\/www.legalvision.fr\/guides-juridiques\/creer-son-entreprise\/registre-des-beneficiaires-effectifs-en-24h\/","name":"Registre des b\u00e9n\u00e9ficiaires effectifs : une obligation pour toutes les soci\u00e9t\u00e9s","isPartOf":{"@id":"https:\/\/www.legalvision.fr\/guides-juridiques\/#website"},"primaryImageOfPage":{"@id":"https:\/\/www.legalvision.fr\/guides-juridiques\/creer-son-entreprise\/registre-des-beneficiaires-effectifs-en-24h\/#primaryimage"},"image":{"@id":"https:\/\/www.legalvision.fr\/guides-juridiques\/creer-son-entreprise\/registre-des-beneficiaires-effectifs-en-24h\/#primaryimage"},"thumbnailUrl":"https:\/\/www.legalvision.fr\/guides-juridiques\/wp-content\/uploads\/2019\/02\/DBE.jpg","datePublished":"2019-02-06T06:30:33+00:00","dateModified":"2022-03-27T19:21:01+00:00","description":"Afin de renforcer le dispositif de lutte contre le blanchiment d'argent, une d\u00e9claration au registre des b\u00e9n\u00e9ficiaires effectifs est d\u00e9sormais obligatoire.","breadcrumb":{"@id":"https:\/\/www.legalvision.fr\/guides-juridiques\/creer-son-entreprise\/registre-des-beneficiaires-effectifs-en-24h\/#breadcrumb"},"inLanguage":"fr-FR","potentialAction":[{"@type":"ReadAction","target":["https:\/\/www.legalvision.fr\/guides-juridiques\/creer-son-entreprise\/registre-des-beneficiaires-effectifs-en-24h\/"]}]},{"@type":"ImageObject","inLanguage":"fr-FR","@id":"https:\/\/www.legalvision.fr\/guides-juridiques\/creer-son-entreprise\/registre-des-beneficiaires-effectifs-en-24h\/#primaryimage","url":"https:\/\/www.legalvision.fr\/guides-juridiques\/wp-content\/uploads\/2019\/02\/DBE.jpg","contentUrl":"https:\/\/www.legalvision.fr\/guides-juridiques\/wp-content\/uploads\/2019\/02\/DBE.jpg","width":958,"height":350,"caption":"Registre des b\u00e9n\u00e9ficiaires effectifs"},{"@type":"BreadcrumbList","@id":"https:\/\/www.legalvision.fr\/guides-juridiques\/creer-son-entreprise\/registre-des-beneficiaires-effectifs-en-24h\/#breadcrumb","itemListElement":[{"@type":"ListItem","position":1,"name":"Accueil","item":"https:\/\/www.legalvision.fr\/guides-juridiques\/"},{"@type":"ListItem","position":2,"name":"Cr\u00e9er son entreprise","item":"https:\/\/www.legalvision.fr\/guides-juridiques\/creer-son-entreprise\/"},{"@type":"ListItem","position":3,"name":"Le registre des b\u00e9n\u00e9ficiaires effectifs : explications d\u00e9taill\u00e9es"}]},{"@type":"WebSite","@id":"https:\/\/www.legalvision.fr\/guides-juridiques\/#website","url":"https:\/\/www.legalvision.fr\/guides-juridiques\/","name":"Guides juridiques","description":"L&#039;information juridique \u00e0 destination des entreprises et TPE","publisher":{"@id":"https:\/\/www.legalvision.fr\/guides-juridiques\/#organization"},"potentialAction":[{"@type":"SearchAction","target":{"@type":"EntryPoint","urlTemplate":"https:\/\/www.legalvision.fr\/guides-juridiques\/?s={search_term_string}"},"query-input":{"@type":"PropertyValueSpecification","valueRequired":true,"valueName":"search_term_string"}}],"inLanguage":"fr-FR"},{"@type":"Organization","@id":"https:\/\/www.legalvision.fr\/guides-juridiques\/#organization","name":"Guides juridiques","url":"https:\/\/www.legalvision.fr\/guides-juridiques\/","logo":{"@type":"ImageObject","inLanguage":"fr-FR","@id":"https:\/\/www.legalvision.fr\/guides-juridiques\/#\/schema\/logo\/image\/","url":"https:\/\/www.legalvision.fr\/guides-juridiques\/wp-content\/uploads\/2022\/10\/LV-Logotype.png","contentUrl":"https:\/\/www.legalvision.fr\/guides-juridiques\/wp-content\/uploads\/2022\/10\/LV-Logotype.png","width":647,"height":125,"caption":"Guides juridiques"},"image":{"@id":"https:\/\/www.legalvision.fr\/guides-juridiques\/#\/schema\/logo\/image\/"}},{"@type":"Person","@id":"https:\/\/www.legalvision.fr\/guides-juridiques\/#\/schema\/person\/49bcfe1319a527ee9e9feb3a0df896af","name":"Sacha.Cohen","image":{"@type":"ImageObject","inLanguage":"fr-FR","@id":"https:\/\/www.legalvision.fr\/guides-juridiques\/#\/schema\/person\/image\/","url":"https:\/\/www.legalvision.fr\/guides-juridiques\/wp-content\/uploads\/2023\/07\/femme18-96x96.png","contentUrl":"https:\/\/www.legalvision.fr\/guides-juridiques\/wp-content\/uploads\/2023\/07\/femme18-96x96.png","caption":"Sacha.Cohen"},"description":"Sacha est juriste au sein de LegalVision. \u00c9l\u00e8ve-avocat et titulaire d'un Master 2 Droit des affaires internationales \u00e0 Assas, il s'int\u00e9resse tout particuli\u00e8rement au droit des soci\u00e9t\u00e9s.","url":"https:\/\/www.legalvision.fr\/guides-juridiques\/author\/sacha-cohen\/"}]}},"_links":{"self":[{"href":"https:\/\/www.legalvision.fr\/guides-juridiques\/wp-json\/wp\/v2\/posts\/10589","targetHints":{"allow":["GET"]}}],"collection":[{"href":"https:\/\/www.legalvision.fr\/guides-juridiques\/wp-json\/wp\/v2\/posts"}],"about":[{"href":"https:\/\/www.legalvision.fr\/guides-juridiques\/wp-json\/wp\/v2\/types\/post"}],"author":[{"embeddable":true,"href":"https:\/\/www.legalvision.fr\/guides-juridiques\/wp-json\/wp\/v2\/users\/33"}],"replies":[{"embeddable":true,"href":"https:\/\/www.legalvision.fr\/guides-juridiques\/wp-json\/wp\/v2\/comments?post=10589"}],"version-history":[{"count":0,"href":"https:\/\/www.legalvision.fr\/guides-juridiques\/wp-json\/wp\/v2\/posts\/10589\/revisions"}],"wp:featuredmedia":[{"embeddable":true,"href":"https:\/\/www.legalvision.fr\/guides-juridiques\/wp-json\/wp\/v2\/media\/22691"}],"wp:attachment":[{"href":"https:\/\/www.legalvision.fr\/guides-juridiques\/wp-json\/wp\/v2\/media?parent=10589"}],"wp:term":[{"taxonomy":"category","embeddable":true,"href":"https:\/\/www.legalvision.fr\/guides-juridiques\/wp-json\/wp\/v2\/categories?post=10589"},{"taxonomy":"post_tag","embeddable":true,"href":"https:\/\/www.legalvision.fr\/guides-juridiques\/wp-json\/wp\/v2\/tags?post=10589"}],"curies":[{"name":"wp","href":"https:\/\/api.w.org\/{rel}","templated":true}]}}