{"id":10559,"date":"2019-01-28T07:30:02","date_gmt":"2019-01-28T06:30:02","guid":{"rendered":"https:\/\/blog.legalvision.fr\/?p=10559"},"modified":"2022-03-27T21:21:02","modified_gmt":"2022-03-27T19:21:02","slug":"droit-a-la-deconnexion-comment-ca-marche","status":"publish","type":"post","link":"https:\/\/www.legalvision.fr\/guides-juridiques\/droit-du-travail\/droit-a-la-deconnexion-comment-ca-marche\/","title":{"rendered":"Droit \u00e0 la d\u00e9connexion : comment \u00e7a marche ?"},"content":{"rendered":"<p>Face \u00e0 l&rsquo;importance croissante des outils de communication num\u00e9rique dans le travail, la fronti\u00e8re entre <strong>vie priv\u00e9e et vie professionnelle<\/strong> est de plus en plus t\u00e9nue. De plus, nombre de professions en lien avec les outils informatiques, comme <a href=\"https:\/\/blog.legalvision.fr\/2019\/02\/12\/devenir-influenceur-sur-internet\/\">influenceur sur Internet<\/a>\u00a0ou <a href=\"https:\/\/blog.legalvision.fr\/2018\/08\/16\/devenir-consultant-seo\/\">consultant en r\u00e9f\u00e9rencement<\/a>, sont en plein essor. Pour r\u00e9pondre \u00e0 ces probl\u00e9matiques, la\u00a0loi du 8 ao\u00fbt 2016 (\u00ab\u00a0Loi Travail\u00a0\u00bb) a introduit dans le Code du travail le <strong>droit \u00e0 la d\u00e9connexion<\/strong>.<\/p>\n<p>Qu&rsquo;est-ce que le droit \u00e0 la d\u00e9connexion ? Quelle diff\u00e9rence entre accord et charte sur le droit \u00e0 la d\u00e9connexion ? Comment le droit \u00e0 la d\u00e9connexion est mis en oeuvre ? LegalVision r\u00e9pond \u00e0 vos interrogations. Vous pouvez \u00e9galement nous <a href=\"https:\/\/www.legalvision.fr\/contactez-nous\/\">contacter<\/a> \u00e0 ce sujet.\n<\/p>\n<h3>Sommaire :<\/h3>\n<p><strong><a href=\"#I\">Droit \u00e0 la d\u00e9connexion : d\u00e9finition<\/a><\/strong><br \/>\n<strong> <a href=\"#II\">Le droit \u00e0 la d\u00e9connexion dans les n\u00e9gociations obligatoires d&rsquo;entreprise<\/a><\/strong><br \/>\n<strong> <a href=\"#III\">Le droit \u00e0 la d\u00e9connexion dans les conventions de forfait<\/a><\/strong><br \/>\n<strong> <a href=\"#IV\">Comment garantir le droit \u00e0 la d\u00e9connexion ?<\/a><\/strong><\/p>\n<p>\u00a0<\/p>\n<div class=\"wp-block-button\" style=\"text-align:center;\"><a class=\"wp-block-button__link has-background\" href=\"https:\/\/www.legalvision.fr\/tous-les-services\/\">Voir les services LegalVision<\/a><\/div>\n<h2 id=\"I\">Droit \u00e0 la d\u00e9connexion : d\u00e9finition<\/h2>\n<p>Le droit \u00e0 la d\u00e9connexion est le droit du salari\u00e9\u00a0\u00e0\u00a0<strong>ne pas r\u00e9pondre aux sollicitations professionnelles <\/strong>(appels, messages, emails, etc.) et de <strong>ne pas \u00eatre connect\u00e9 aux outils num\u00e9riques professionnels en dehors de son temps de travail.<\/strong>\u00a0Il n&rsquo;existe pas de d\u00e9finition l\u00e9gale du droit \u00e0 la d\u00e9connexion num\u00e9rique.<\/p>\n<p>Les pr\u00e9mices du droit \u00e0 la d\u00e9connexion existent depuis longtemps en droit fran\u00e7ais.<\/p>\n<h3>Droit \u00e0 la d\u00e9connexion et repos<\/h3>\n<p>Chaque salari\u00e9 a droit \u00e0 un repos quotidien minimal de 11 heures cons\u00e9cutives. De plus, il a droit \u00e0 un repos hebdomadaire minimal de 24 heures cons\u00e9cutives. Les temps de cong\u00e9\u00a0sont aussi des temps de repos. Durant son temps de repos,\u00a0le salari\u00e9 n&rsquo;est pas \u00e0 la disposition de l&#8217;employeur. Les salari\u00e9s\u00a0sont \u00e9galement soumis \u00e0 une <strong>dur\u00e9e quotidienne et hebdomadaire maximale<\/strong> de travail.<\/p>\n<p>Les infractions\u00a0aux <strong>temps de repos et de cong\u00e9<\/strong> peuvent justifier une amende pour l&#8217;employeur. Par ailleurs, un licenciement pour faute grave ne peut pas \u00eatre fond\u00e9 sur l&rsquo;absence de r\u00e9ponse \u00e0 des appels ou emails pendant le temps de repos.<\/p>\n<p>Par cons\u00e9quent, l&rsquo;envoi d&#8217;emails hors du temps de travail est fr\u00e9quemment utilis\u00e9 dans les contentieux. L&rsquo;absence d&rsquo;encadrement de l&rsquo;utilisation des\u00a0outils num\u00e9riques dans l&rsquo;entreprise accro\u00eet ce risque.<\/p>\n<h3>Droit \u00e0 la d\u00e9connexion et sant\u00e9 du salari\u00e9<\/h3>\n<p>L&#8217;employeur a l&rsquo;<a href=\"https:\/\/www.legifrance.gouv.fr\/affichCodeArticle.do;jsessionid=D1E0B84DF7737BE4A5ABC1646341925E.tplgfr37s_1?idArticle=LEGIARTI000006903147&amp;cidTexte=LEGITEXT000006072050&amp;dateTexte=20090528\">obligation l\u00e9gale<\/a> de <strong>veiller \u00e0 la sant\u00e9 et la s\u00e9curit\u00e9 mentale et physique<\/strong> de\u00a0ses salari\u00e9s. Ainsi, tout employeur\u00a0doit\u00a0\u00e9laborer une <a href=\"https:\/\/www.legifrance.gouv.fr\/affichCodeArticle.do;jsessionid=A361B72855B7772755AA0F3E9233B01A.tplgfr43s_2?idArticle=LEGIARTI000029336807&amp;cidTexte=LEGITEXT000006072050&amp;categorieLien=id&amp;dateTexte=\">\u00e9valuation des risques<\/a> professionnels dans son entreprise.\u00a0Des actions de pr\u00e9vention doivent \u00eatre prises pour emp\u00eacher ou limiter la survenance de ces risques.<\/p>\n<p>La connexion constante aux outils informatiques est une source commune de <strong>stress<\/strong>.\u00a0Elle\u00a0peut \u00eatre\u00a0identifi\u00e9e\u00a0comme risque pour la sant\u00e9 des salari\u00e9s.<\/p>\n<h3>Droit \u00e0 la d\u00e9connexion et droit \u00e0 la vie priv\u00e9e et familiale<\/h3>\n<p>Le droit \u00e0 la d\u00e9connexion a aussi \u00e9merg\u00e9 pour permettre effectivement d&rsquo;avoir une vie priv\u00e9e et familiale. Par exemple, en mati\u00e8re de\u00a0<a href=\"https:\/\/www.legifrance.gouv.fr\/affichCodeArticle.do;jsessionid=207C6B3A5D2ED7C822B488D36576B5AC.tplgfr37s_1?idArticle=LEGIARTI000037388731&amp;cidTexte=LEGITEXT000006072050&amp;dateTexte=20190117\">t\u00e9l\u00e9travail<\/a>, l&#8217;employeur doit d\u00e9terminer en amont les plages horaires durant lesquelles il peut habituellement contacter les t\u00e9l\u00e9travailleurs.<\/p>\n<p>Cependant,\u00a0l&rsquo;arsenal juridique existant ne\u00a0garantissait pas un respect effectif du droit \u00e0 la d\u00e9connexion. La loi Travail a alors introduit le droit \u00e0 la d\u00e9connexion dans le Code du travail. Il s&rsquo;applique dans le cadre des n\u00e9gociations obligatoires d&rsquo;entreprise et des conventions de forfait.<\/p>\n<h2 id=\"II\">Le droit \u00e0 la d\u00e9connexion dans les n\u00e9gociations obligatoires d&rsquo;entreprise<\/h2>\n<p>Depuis le 1er janvier 2017, la <strong><a href=\"https:\/\/www.legifrance.gouv.fr\/affichCodeArticle.do?cidTexte=LEGITEXT000006072050&amp;idArticle=LEGIARTI000006901767&amp;dateTexte=&amp;categorieLien=cid\">n\u00e9gociation obligatoire<\/a> sur l&rsquo;\u00e9galit\u00e9\u00a0professionnelle entre les femmes et les hommes et la qualit\u00e9 de vie au travail<\/strong> inclut le droit \u00e0 la d\u00e9connexion.<\/p>\n<h3>Quelles entreprises sont concern\u00e9es ?<\/h3>\n<p>Cette n\u00e9gociation est obligatoire dans les entreprises ayant une ou plusieurs sections syndicales d&rsquo;organisations repr\u00e9sentatives. Sont donc concern\u00e9es :<\/p>\n<ul>\n<li>les <strong>entreprises de plus de 50 salari\u00e9s<\/strong> ayant d\u00e9sign\u00e9 au moins un d\u00e9l\u00e9gu\u00e9 syndical.<\/li>\n<li>les<strong> entreprises de<\/strong> <strong>moins de 50 salari\u00e9s<\/strong> dont la section syndicale a d\u00e9sign\u00e9 un repr\u00e9sentant du personnel comme d\u00e9l\u00e9gu\u00e9 syndical, ou qui ont modifi\u00e9 leur seuil d&rsquo;effectif.<\/li>\n<\/ul>\n<p>Le crit\u00e8re est donc la pr\u00e9sence d&rsquo;un d\u00e9l\u00e9gu\u00e9 syndical et non l&rsquo;effectif de l&rsquo;entreprise.<\/p>\n<p>Cette n\u00e9gociation est <strong>annuelle,<\/strong>\u00a0\u00e0 d\u00e9faut d&rsquo;un <a href=\"https:\/\/www.legifrance.gouv.fr\/affichCodeArticle.do;jsessionid=F26E0FFE8072183A9D455CCFAEC84929.tplgfr43s_2?idArticle=LEGIARTI000036761810&amp;cidTexte=LEGITEXT000006072050&amp;dateTexte=20190117&amp;categorieLien=id&amp;oldAction=rechCodeArticle&amp;nbResultRech=\">accord\u00a0d&rsquo;entreprise<\/a> pr\u00e9voyant une p\u00e9riodicit\u00e9 diff\u00e9rente (dans la limite de 4 ans).<\/p>\n<h3>Accord d&rsquo;entreprise ou charte droit \u00e0 la d\u00e9connexion<\/h3>\n<p>L&rsquo;<strong>accord d&rsquo;entreprise<\/strong>\u00a0issu de cette n\u00e9gociation obligatoire\u00a0doit traiter du droit \u00e0 la d\u00e9connexion. On peut y d\u00e9roger en am\u00e9nageant les th\u00e8mes de n\u00e9gociation par accord d&rsquo;entreprise.\u00a0L&rsquo;objectif est de\u00a0garantir le respect des temps de repos et cong\u00e9,\u00a0et de la vie\u00a0priv\u00e9e et familiale. Il doit pr\u00e9voir :<\/p>\n<ul>\n<li>les modalit\u00e9s d&rsquo;<strong>exercice effectif<\/strong> par le salari\u00e9 de son <strong>droit \u00e0 la d\u00e9connexion<\/strong> ;<\/li>\n<li>des moyens de <strong>r\u00e9gulation<\/strong> de l&rsquo;<strong>utilisation des outils num\u00e9riques<\/strong>.<\/li>\n<\/ul>\n<p>Cependant, la n\u00e9gociation n&rsquo;aboutit pas toujours \u00e0 la conclusion d&rsquo;un accord. Dans ce cas, l&#8217;employeur doit \u00e9tablir une <strong>charte sur le droit \u00e0 la d\u00e9connexion<\/strong>. Les repr\u00e9sentants du personnel donnent leur avis sur cette charte. Elle\u00a0contient :<\/p>\n<ul>\n<li>les modalit\u00e9s d&rsquo;<strong>exercice effectif<\/strong> par le salari\u00e9 de son <strong>droit \u00e0 la d\u00e9connexion<\/strong> ;<\/li>\n<li>des <strong>formations et sensibilisations<\/strong> \u00e0 l&rsquo;utilisation raisonnable des outils num\u00e9riques pour les salari\u00e9s, les cadres et le personnel de direction.<\/li>\n<\/ul>\n<p><strong>Tous les salari\u00e9s<\/strong> des entreprises soumises \u00e0 la n\u00e9gociation obligatoire doivent donc b\u00e9n\u00e9ficier de garanties pour leur droit \u00e0 la d\u00e9connexion.<\/p>\n<p>L&rsquo;absence de n\u00e9gociation sur l&rsquo;\u00e9galit\u00e9 professionnelle et la qualit\u00e9 de vie au travail est punie d&rsquo;une <strong>amende<\/strong> de 3750 euros. Ainsi, lorsque l&rsquo;on <a href=\"https:\/\/www.legalvision.fr\/creation-dentreprise\/\">cr\u00e9e son entreprise<\/a> et que l&rsquo;on embauche des salari\u00e9s, il faut se poser la question du droit \u00e0 la d\u00e9connexion.<\/p>\n<h2 id=\"III\">Le droit \u00e0 la d\u00e9connexion dans les conventions de forfait<\/h2>\n<p>Le droit \u00e0 la d\u00e9connexion num\u00e9rique prend d&rsquo;autant plus d&rsquo;importance pour les salari\u00e9s dont le temps de travail est plus flexible. De plus, ces salari\u00e9s ont souvent fortement recours aux outils num\u00e9riques.<\/p>\n<h3>Qu&rsquo;est-ce qu&rsquo;une convention de forfait ?<\/h3>\n<p>Le temps de travail de certains salari\u00e9s est calcul\u00e9\u00a0selon un <a href=\"https:\/\/www.legifrance.gouv.fr\/affichCodeArticle.do;jsessionid=DA39B929572DFA56AF058CEEF2432CFA.tplgfr43s_2?idArticle=LEGIARTI000033020224&amp;cidTexte=LEGITEXT000006072050&amp;dateTexte=20190117\">forfait<\/a> en heures ou en jours sur l&rsquo;ann\u00e9e. Ils ne sont pas soumis \u00e0 la dur\u00e9e l\u00e9gale de travail de 35 heures hebdomadaires. Par exemple,\u00a0le salari\u00e9 au forfait jours est pay\u00e9 pour un certain nombre de jours de travail sur l&rsquo;ann\u00e9e, sans que soit pris en compte le nombre d&rsquo;heures effectu\u00e9es par jour. Les repos minima doivent tout de m\u00eame \u00eatre respect\u00e9s.<\/p>\n<p><strong>Toutes les entreprises<\/strong> peuvent mettre en place des conventions de forfait, sans crit\u00e8re d&rsquo;effectifs.<\/p>\n<p>Cette forfaitisation du temps de travail sur l&rsquo;ann\u00e9e est r\u00e9serv\u00e9e aux <strong>salari\u00e9s et cadres<\/strong>\u00a0disposant d&rsquo;une <strong>r\u00e9elle autonomie dans l&rsquo;organisation de leur emploi du temps<\/strong>. En raison de leurs fonctions, leur temps de travail ne peut pas \u00eatre d\u00e9termin\u00e9 \u00e0 l&rsquo;avance et ils ne peuvent pas \u00eatre soumis \u00e0 l&rsquo;horaire collectif de leur \u00e9quipe ou service. Les cadres ne sont donc pas les seuls concern\u00e9s.<\/p>\n<p>Deux conditions\u00a0s&rsquo;imposent pour\u00a0mettre en place un forfait en heures ou en jours sur l&rsquo;ann\u00e9e :<\/p>\n<ul>\n<li>un <strong>accord d&rsquo;entreprise<\/strong> ou une <strong>convention collective de branche<\/strong> qui d\u00e9finit les modalit\u00e9s du forfait ;<\/li>\n<li>une <strong>convention individuelle<\/strong> de forfait \u00e9crite par laquelle le salari\u00e9 donne son accord.<\/li>\n<\/ul>\n<p>Si la convention collective de branche applicable \u00e0 l&rsquo;entreprise encadre d\u00e9j\u00e0 le recours aux conventions de forfait, il n&rsquo;est pas n\u00e9cessaire de conclure un accord d&rsquo;entreprise.<\/p>\n<h3>Accord collectif ou d\u00e9cision unilat\u00e9rale<\/h3>\n<p>C&rsquo;est au niveau de l&rsquo;<strong>accord collectif<\/strong>\u00a0qu&rsquo;intervient le droit \u00e0 la d\u00e9connexion.\u00a0Il doit d\u00e9terminer les modalit\u00e9s d&rsquo;<strong>exercice effectif du droit \u00e0 la d\u00e9connexion<\/strong> par le salari\u00e9 au forfait. Le <a href=\"https:\/\/www.legifrance.gouv.fr\/affichCodeArticle.do;jsessionid=DA39B929572DFA56AF058CEEF2432CFA.tplgfr43s_2?idArticle=LEGIARTI000036262805&amp;cidTexte=LEGITEXT000006072050&amp;dateTexte=20190117\">texte<\/a> renvoie express\u00e9ment aux modalit\u00e9s qui auront \u00e9t\u00e9 d\u00e9finies dans le cadre de la n\u00e9gociation obligatoire.<\/p>\n<p>Toutefois, il est possible de ne pas conclure d&rsquo;accord collectif \u00e0 condition de respecter certaines garanties. Dans ce cas, la <a href=\"https:\/\/www.legifrance.gouv.fr\/affichCodeArticle.do;jsessionid=DA39B929572DFA56AF058CEEF2432CFA.tplgfr43s_2?idArticle=LEGIARTI000036262800&amp;cidTexte=LEGITEXT000006072050&amp;dateTexte=20190117&amp;categorieLien=id&amp;oldAction=rechCodeArticle&amp;nbResultRech=\">loi<\/a> impose \u00e0 l&#8217;employeur de\u00a0<strong>d\u00e9terminer unilat\u00e9ralement<\/strong> les modalit\u00e9s d&rsquo;exercice du droit \u00e0 la d\u00e9connexion des salari\u00e9s au forfait et les leur <strong>communiquer<\/strong>. Dans les entreprises de plus de 50 salari\u00e9s, il doit tenir compte de la <strong>charte sur le droit \u00e0 la d\u00e9connexion<\/strong>\u00a0pour fixer ces modalit\u00e9s.<\/p>\n<h3>Les sanctions<\/h3>\n<p>L&rsquo;absence de gestion du droit \u00e0 la d\u00e9connexion dans un accord ou une d\u00e9cision unilat\u00e9rale peut conduire le juge \u00e0 <strong>annuler la convention individuelle de forfait<\/strong>, en raison du manquement au contenu l\u00e9gal. Dans ce cas,\u00a0le salari\u00e9 sera consid\u00e9r\u00e9 comme ayant toujours \u00e9t\u00e9 aux 35 heures. Il pourra demander un <strong>rappel d&rsquo;heures suppl\u00e9mentaires<\/strong> pour ses trois derni\u00e8res ann\u00e9es d&#8217;emploi.<\/p>\n<p>Depuis 2011, la Cour de cassation\u00a0v\u00e9rifie strictement que la sant\u00e9 et la s\u00e9curit\u00e9 du salari\u00e9 b\u00e9n\u00e9ficient d&rsquo;une protection ad\u00e9quate. Les conseillers observent\u00a0notamment le contr\u00f4le de l&rsquo;amplitude et de la charge de travail. Des conventions individuelles de forfait ont \u00e9t\u00e9 annul\u00e9es au motif que la convention collective de branche n&rsquo;apportait pas de garanties suffisantes. La <a href=\"https:\/\/www.legifrance.gouv.fr\/affichTexteArticle.do;jsessionid=6357E0F42FA3D48AAD65A388AC4EAF39.tplgfr25s_1?idArticle=LEGIARTI000033001014&amp;cidTexte=JORFTEXT000032983213&amp;categorieLien=id&amp;dateTexte=\">loi Travail<\/a> a permis un am\u00e9nagement pour limiter les invalidations.<\/p>\n<h2 id=\"IV\">Comment garantir le droit \u00e0 la d\u00e9connexion ?<\/h2>\n<p>Le texte ne le pr\u00e9cise pas. Plusieurs types de mesures peuvent \u00eatre mises en place dans l&rsquo;accord d&rsquo;entreprise ou la charte droit \u00e0 la d\u00e9connexion.<\/p>\n<h3>La sensibilisation \u00e0 la d\u00e9connexion<\/h3>\n<p>Tout d&rsquo;abord, on peut rappeler aux salari\u00e9s qu&rsquo;ils n&rsquo;ont pas \u00e0 r\u00e9pondre aux sollicitations professionnelles en dehors de leur temps de travail et lors de leurs cong\u00e9s ou absences.<\/p>\n<p>Un rappel des <strong>bonnes pratiques<\/strong> est aussi souvent int\u00e9gr\u00e9 : \u00e9viter les \u00ab\u00a0r\u00e9ponses \u00e0 tous\u00a0\u00bb si ce n&rsquo;est pas indispensable, r\u00e9fl\u00e9chir au moment d&rsquo;envoi d&rsquo;un email et au d\u00e9lai de r\u00e9ponse donn\u00e9, configurer un gestionnaire d&rsquo;absence voire un transfert de messagerie vers un coll\u00e8gue lors des absences, etc.<\/p>\n<p>L&rsquo;information sur la d\u00e9connexion\u00a0passe par des<strong> journ\u00e9es de formation et de sensibilisation<\/strong>, tant des salari\u00e9s que des managers. Un <strong>responsable d\u00e9connexion<\/strong> peut aussi \u00eatre d\u00e9sign\u00e9 dans l&rsquo;entreprise pour que les salari\u00e9s puissent lui transmettre leurs pr\u00e9occupations.<\/p>\n<h3>Comment imposer la d\u00e9connexion ?<\/h3>\n<p>Les entreprises peuvent d\u00e9finir des <strong>plages de d\u00e9connexion<\/strong> en dehors du temps de travail, calqu\u00e9es par exemple sur l&rsquo;horaire collectif de travail.<\/p>\n<p>Pendant ces plages de d\u00e9connexion, plusieurs moyens sont utilis\u00e9s pour s&rsquo;assurer de la d\u00e9connexion :<\/p>\n<ul>\n<li>des <strong>alertes<\/strong> incitant \u00e0 respecter la plage de d\u00e9connexion avant chaque envoi d&#8217;email ;<\/li>\n<li>une<strong> interdiction<\/strong> aux salari\u00e9s d&rsquo;envoyer des emails et messages ou de passer des appels professionnels, parfois sous peine de sanctions disciplinaires ;<\/li>\n<li>un <strong>diff\u00e9r\u00e9 des emails<\/strong> envoy\u00e9s \u00e0 la fin de la plage de d\u00e9connexion ;<\/li>\n<li>le <strong>blocage des serveurs informatiques<\/strong> de l&rsquo;entreprise ;<\/li>\n<li>la <strong>restitution des outils<\/strong> de communication num\u00e9rique avant de quitter l&rsquo;entreprise en fin de journ\u00e9e.<\/li>\n<\/ul>\n<p>Cependant, les mesures les plus contraignantes peuvent \u00eatre probl\u00e9matiques pour le fonctionnement de l&rsquo;entreprise.\u00a0En outre, il\u00a0faut faire attention aux salari\u00e9s en forfait jour qui ne sont pas soumis \u00e0 l&rsquo;horaire collectif de travail. La d\u00e9connexion peut \u00eatre am\u00e9nag\u00e9 par des d\u00e9rogations en cas d&rsquo;urgence.<\/p>\n<p>Les salari\u00e9s peuvent aussi \u00eatre laiss\u00e9s libres de se d\u00e9connecter quand ils le souhaitent, avec un <strong>contr\u00f4le<\/strong> du respect des dur\u00e9es minimales de repos voire des dur\u00e9es maximales de travail. Pour rappel, si l&#8217;employeur souhaite contr\u00f4ler l&rsquo;utilisation de l&#8217;email professionnel, il doit consulter au pr\u00e9alable les repr\u00e9sentants du personnel, informer individuellement les salari\u00e9s, et l&rsquo;inscrire dans le registre CNIL.<\/p>\n<p>Il est \u00e9galement possible de pr\u00e9voir des <strong>journ\u00e9es ou demi-journ\u00e9es sans email<\/strong> : la plage de d\u00e9connexion est alors fix\u00e9e pendant le temps de travail.<\/p>\n<p>Enfin, des <strong>enqu\u00eates<\/strong> r\u00e9guli\u00e8res aupr\u00e8s des salari\u00e9s\u00a0permettent de recueillir leurs suggestions et suivre la mise en oeuvre des mesures de d\u00e9connexion.<\/p>\n<p>\u00a0<\/p>\n<p><\/p>\n<div class=\"wp-block-button\" style=\"text-align:center;\"><a class=\"wp-block-button__link has-background\" href=\"https:\/\/www.legalvision.fr\/tous-les-services\/\">Voir les services LegalVision<\/a><\/div>\n","protected":false},"excerpt":{"rendered":"<p>Face \u00e0 l&rsquo;importance croissante des outils de communication num\u00e9rique dans le travail, la fronti\u00e8re entre vie priv\u00e9e et vie professionnelle est de plus en plus t\u00e9nue. De plus, nombre de professions en lien avec les outils informatiques, comme influenceur sur Internet\u00a0ou consultant en r\u00e9f\u00e9rencement, sont en plein essor. Pour r\u00e9pondre \u00e0 ces probl\u00e9matiques, la\u00a0loi du&hellip; <a class=\"more-link\" href=\"https:\/\/www.legalvision.fr\/guides-juridiques\/droit-du-travail\/droit-a-la-deconnexion-comment-ca-marche\/\">Poursuivre la lecture <span class=\"screen-reader-text\">Droit \u00e0 la d\u00e9connexion : comment \u00e7a marche ?<\/span><\/a><\/p>\n","protected":false},"author":32,"featured_media":21743,"comment_status":"open","ping_status":"open","sticky":false,"template":"","format":"standard","meta":{"content-type":"","inline_featured_image":false,"footnotes":""},"categories":[2485],"tags":[],"class_list":["post-10559","post","type-post","status-publish","format-standard","has-post-thumbnail","hentry","category-droit-du-travail","entry"],"yoast_head":"<!-- This site is optimized with the Yoast SEO plugin v27.1.1 - https:\/\/yoast.com\/product\/yoast-seo-wordpress\/ -->\n<title>Droit \u00e0 la d\u00e9connexion : il est temps de vous laisser respirer !<\/title>\n<meta name=\"description\" content=\"Quelle est la d\u00e9finition du droit \u00e0 la d\u00e9connexion ? Qui peut en b\u00e9n\u00e9ficier ? Comment en garantir l&#039;effectivit\u00e9 ? LegalVision vous explique.\" \/>\n<meta name=\"robots\" content=\"index, follow, max-snippet:-1, max-image-preview:large, max-video-preview:-1\" \/>\n<link rel=\"canonical\" href=\"https:\/\/www.legalvision.fr\/guides-juridiques\/droit-du-travail\/droit-a-la-deconnexion-comment-ca-marche\/\" \/>\n<meta property=\"og:locale\" content=\"fr_FR\" \/>\n<meta property=\"og:type\" content=\"article\" \/>\n<meta property=\"og:title\" content=\"Droit \u00e0 la d\u00e9connexion : il est temps de vous laisser respirer !\" \/>\n<meta property=\"og:description\" content=\"Quelle est la d\u00e9finition du droit \u00e0 la d\u00e9connexion ? Qui peut en b\u00e9n\u00e9ficier ? Comment en garantir l&#039;effectivit\u00e9 ? LegalVision vous explique.\" \/>\n<meta property=\"og:url\" content=\"https:\/\/www.legalvision.fr\/guides-juridiques\/droit-du-travail\/droit-a-la-deconnexion-comment-ca-marche\/\" \/>\n<meta property=\"og:site_name\" content=\"Guides juridiques\" \/>\n<meta property=\"article:published_time\" content=\"2019-01-28T06:30:02+00:00\" \/>\n<meta property=\"article:modified_time\" content=\"2022-03-27T19:21:02+00:00\" \/>\n<meta property=\"og:image\" content=\"https:\/\/www.legalvision.fr\/guides-juridiques\/wp-content\/uploads\/2019\/01\/Droit-\u00e0-la-d\u00e9connexion.jpg\" \/>\n\t<meta property=\"og:image:width\" content=\"958\" \/>\n\t<meta property=\"og:image:height\" content=\"350\" \/>\n\t<meta property=\"og:image:type\" content=\"image\/jpeg\" \/>\n<meta name=\"author\" content=\"Anna Vandoeuvre\" \/>\n<meta name=\"twitter:card\" content=\"summary_large_image\" \/>\n<meta name=\"twitter:label1\" content=\"\u00c9crit par\" \/>\n\t<meta name=\"twitter:data1\" content=\"Anna Vandoeuvre\" \/>\n\t<meta name=\"twitter:label2\" content=\"Dur\u00e9e de lecture estim\u00e9e\" \/>\n\t<meta name=\"twitter:data2\" content=\"10 minutes\" \/>\n<script type=\"application\/ld+json\" class=\"yoast-schema-graph\">{\"@context\":\"https:\/\/schema.org\",\"@graph\":[{\"@type\":\"Article\",\"@id\":\"https:\/\/www.legalvision.fr\/guides-juridiques\/droit-du-travail\/droit-a-la-deconnexion-comment-ca-marche\/#article\",\"isPartOf\":{\"@id\":\"https:\/\/www.legalvision.fr\/guides-juridiques\/droit-du-travail\/droit-a-la-deconnexion-comment-ca-marche\/\"},\"author\":{\"name\":\"Anna Vandoeuvre\",\"@id\":\"https:\/\/www.legalvision.fr\/guides-juridiques\/#\/schema\/person\/1c21f1bfa7dd3dc828b37599170a5d6e\"},\"headline\":\"Droit \u00e0 la d\u00e9connexion : comment \u00e7a marche ?\",\"datePublished\":\"2019-01-28T06:30:02+00:00\",\"dateModified\":\"2022-03-27T19:21:02+00:00\",\"mainEntityOfPage\":{\"@id\":\"https:\/\/www.legalvision.fr\/guides-juridiques\/droit-du-travail\/droit-a-la-deconnexion-comment-ca-marche\/\"},\"wordCount\":2087,\"commentCount\":0,\"publisher\":{\"@id\":\"https:\/\/www.legalvision.fr\/guides-juridiques\/#organization\"},\"image\":{\"@id\":\"https:\/\/www.legalvision.fr\/guides-juridiques\/droit-du-travail\/droit-a-la-deconnexion-comment-ca-marche\/#primaryimage\"},\"thumbnailUrl\":\"https:\/\/www.legalvision.fr\/guides-juridiques\/wp-content\/uploads\/2019\/01\/Droit-\u00e0-la-d\u00e9connexion.jpg\",\"articleSection\":[\"Droit du travail\"],\"inLanguage\":\"fr-FR\",\"potentialAction\":[{\"@type\":\"CommentAction\",\"name\":\"Comment\",\"target\":[\"https:\/\/www.legalvision.fr\/guides-juridiques\/droit-du-travail\/droit-a-la-deconnexion-comment-ca-marche\/#respond\"]}]},{\"@type\":\"WebPage\",\"@id\":\"https:\/\/www.legalvision.fr\/guides-juridiques\/droit-du-travail\/droit-a-la-deconnexion-comment-ca-marche\/\",\"url\":\"https:\/\/www.legalvision.fr\/guides-juridiques\/droit-du-travail\/droit-a-la-deconnexion-comment-ca-marche\/\",\"name\":\"Droit \u00e0 la d\u00e9connexion : il est temps de vous laisser respirer !\",\"isPartOf\":{\"@id\":\"https:\/\/www.legalvision.fr\/guides-juridiques\/#website\"},\"primaryImageOfPage\":{\"@id\":\"https:\/\/www.legalvision.fr\/guides-juridiques\/droit-du-travail\/droit-a-la-deconnexion-comment-ca-marche\/#primaryimage\"},\"image\":{\"@id\":\"https:\/\/www.legalvision.fr\/guides-juridiques\/droit-du-travail\/droit-a-la-deconnexion-comment-ca-marche\/#primaryimage\"},\"thumbnailUrl\":\"https:\/\/www.legalvision.fr\/guides-juridiques\/wp-content\/uploads\/2019\/01\/Droit-\u00e0-la-d\u00e9connexion.jpg\",\"datePublished\":\"2019-01-28T06:30:02+00:00\",\"dateModified\":\"2022-03-27T19:21:02+00:00\",\"description\":\"Quelle est la d\u00e9finition du droit \u00e0 la d\u00e9connexion ? Qui peut en b\u00e9n\u00e9ficier ? Comment en garantir l'effectivit\u00e9 ? LegalVision vous explique.\",\"breadcrumb\":{\"@id\":\"https:\/\/www.legalvision.fr\/guides-juridiques\/droit-du-travail\/droit-a-la-deconnexion-comment-ca-marche\/#breadcrumb\"},\"inLanguage\":\"fr-FR\",\"potentialAction\":[{\"@type\":\"ReadAction\",\"target\":[\"https:\/\/www.legalvision.fr\/guides-juridiques\/droit-du-travail\/droit-a-la-deconnexion-comment-ca-marche\/\"]}]},{\"@type\":\"ImageObject\",\"inLanguage\":\"fr-FR\",\"@id\":\"https:\/\/www.legalvision.fr\/guides-juridiques\/droit-du-travail\/droit-a-la-deconnexion-comment-ca-marche\/#primaryimage\",\"url\":\"https:\/\/www.legalvision.fr\/guides-juridiques\/wp-content\/uploads\/2019\/01\/Droit-\u00e0-la-d\u00e9connexion.jpg\",\"contentUrl\":\"https:\/\/www.legalvision.fr\/guides-juridiques\/wp-content\/uploads\/2019\/01\/Droit-\u00e0-la-d\u00e9connexion.jpg\",\"width\":958,\"height\":350,\"caption\":\"Droit \u00e0 la d\u00e9connexion\"},{\"@type\":\"BreadcrumbList\",\"@id\":\"https:\/\/www.legalvision.fr\/guides-juridiques\/droit-du-travail\/droit-a-la-deconnexion-comment-ca-marche\/#breadcrumb\",\"itemListElement\":[{\"@type\":\"ListItem\",\"position\":1,\"name\":\"Accueil\",\"item\":\"https:\/\/www.legalvision.fr\/guides-juridiques\/\"},{\"@type\":\"ListItem\",\"position\":2,\"name\":\"Droit du travail\",\"item\":\"https:\/\/www.legalvision.fr\/guides-juridiques\/droit-du-travail\/\"},{\"@type\":\"ListItem\",\"position\":3,\"name\":\"Droit \u00e0 la d\u00e9connexion : comment \u00e7a marche ?\"}]},{\"@type\":\"WebSite\",\"@id\":\"https:\/\/www.legalvision.fr\/guides-juridiques\/#website\",\"url\":\"https:\/\/www.legalvision.fr\/guides-juridiques\/\",\"name\":\"Guides juridiques\",\"description\":\"L&#039;information juridique \u00e0 destination des entreprises et TPE\",\"publisher\":{\"@id\":\"https:\/\/www.legalvision.fr\/guides-juridiques\/#organization\"},\"potentialAction\":[{\"@type\":\"SearchAction\",\"target\":{\"@type\":\"EntryPoint\",\"urlTemplate\":\"https:\/\/www.legalvision.fr\/guides-juridiques\/?s={search_term_string}\"},\"query-input\":{\"@type\":\"PropertyValueSpecification\",\"valueRequired\":true,\"valueName\":\"search_term_string\"}}],\"inLanguage\":\"fr-FR\"},{\"@type\":\"Organization\",\"@id\":\"https:\/\/www.legalvision.fr\/guides-juridiques\/#organization\",\"name\":\"Guides juridiques\",\"url\":\"https:\/\/www.legalvision.fr\/guides-juridiques\/\",\"logo\":{\"@type\":\"ImageObject\",\"inLanguage\":\"fr-FR\",\"@id\":\"https:\/\/www.legalvision.fr\/guides-juridiques\/#\/schema\/logo\/image\/\",\"url\":\"https:\/\/www.legalvision.fr\/guides-juridiques\/wp-content\/uploads\/2022\/10\/LV-Logotype.png\",\"contentUrl\":\"https:\/\/www.legalvision.fr\/guides-juridiques\/wp-content\/uploads\/2022\/10\/LV-Logotype.png\",\"width\":647,\"height\":125,\"caption\":\"Guides juridiques\"},\"image\":{\"@id\":\"https:\/\/www.legalvision.fr\/guides-juridiques\/#\/schema\/logo\/image\/\"}},{\"@type\":\"Person\",\"@id\":\"https:\/\/www.legalvision.fr\/guides-juridiques\/#\/schema\/person\/1c21f1bfa7dd3dc828b37599170a5d6e\",\"name\":\"Anna Vandoeuvre\",\"image\":{\"@type\":\"ImageObject\",\"inLanguage\":\"fr-FR\",\"@id\":\"https:\/\/www.legalvision.fr\/guides-juridiques\/#\/schema\/person\/image\/\",\"url\":\"https:\/\/www.legalvision.fr\/guides-juridiques\/wp-content\/uploads\/2023\/07\/cropped-femme2-96x96.png\",\"contentUrl\":\"https:\/\/www.legalvision.fr\/guides-juridiques\/wp-content\/uploads\/2023\/07\/cropped-femme2-96x96.png\",\"caption\":\"Anna Vandoeuvre\"},\"description\":\"Je suis juriste au sein de LegalVision. \u00c9l\u00e8ve-avocate et titulaire d'un M2 en droit \u00e9conomique, je m'int\u00e9resse tout particuli\u00e8rement au droit social.\",\"url\":\"https:\/\/www.legalvision.fr\/guides-juridiques\/author\/anna-valdebouze\/\"}]}<\/script>\n<!-- \/ Yoast SEO plugin. -->","yoast_head_json":{"title":"Droit \u00e0 la d\u00e9connexion : il est temps de vous laisser respirer !","description":"Quelle est la d\u00e9finition du droit \u00e0 la d\u00e9connexion ? Qui peut en b\u00e9n\u00e9ficier ? Comment en garantir l'effectivit\u00e9 ? LegalVision vous explique.","robots":{"index":"index","follow":"follow","max-snippet":"max-snippet:-1","max-image-preview":"max-image-preview:large","max-video-preview":"max-video-preview:-1"},"canonical":"https:\/\/www.legalvision.fr\/guides-juridiques\/droit-du-travail\/droit-a-la-deconnexion-comment-ca-marche\/","og_locale":"fr_FR","og_type":"article","og_title":"Droit \u00e0 la d\u00e9connexion : il est temps de vous laisser respirer !","og_description":"Quelle est la d\u00e9finition du droit \u00e0 la d\u00e9connexion ? Qui peut en b\u00e9n\u00e9ficier ? Comment en garantir l'effectivit\u00e9 ? LegalVision vous explique.","og_url":"https:\/\/www.legalvision.fr\/guides-juridiques\/droit-du-travail\/droit-a-la-deconnexion-comment-ca-marche\/","og_site_name":"Guides juridiques","article_published_time":"2019-01-28T06:30:02+00:00","article_modified_time":"2022-03-27T19:21:02+00:00","og_image":[{"width":958,"height":350,"url":"https:\/\/www.legalvision.fr\/guides-juridiques\/wp-content\/uploads\/2019\/01\/Droit-\u00e0-la-d\u00e9connexion.jpg","type":"image\/jpeg"}],"author":"Anna Vandoeuvre","twitter_card":"summary_large_image","twitter_misc":{"\u00c9crit par":"Anna Vandoeuvre","Dur\u00e9e de lecture estim\u00e9e":"10 minutes"},"schema":{"@context":"https:\/\/schema.org","@graph":[{"@type":"Article","@id":"https:\/\/www.legalvision.fr\/guides-juridiques\/droit-du-travail\/droit-a-la-deconnexion-comment-ca-marche\/#article","isPartOf":{"@id":"https:\/\/www.legalvision.fr\/guides-juridiques\/droit-du-travail\/droit-a-la-deconnexion-comment-ca-marche\/"},"author":{"name":"Anna Vandoeuvre","@id":"https:\/\/www.legalvision.fr\/guides-juridiques\/#\/schema\/person\/1c21f1bfa7dd3dc828b37599170a5d6e"},"headline":"Droit \u00e0 la d\u00e9connexion : comment \u00e7a marche ?","datePublished":"2019-01-28T06:30:02+00:00","dateModified":"2022-03-27T19:21:02+00:00","mainEntityOfPage":{"@id":"https:\/\/www.legalvision.fr\/guides-juridiques\/droit-du-travail\/droit-a-la-deconnexion-comment-ca-marche\/"},"wordCount":2087,"commentCount":0,"publisher":{"@id":"https:\/\/www.legalvision.fr\/guides-juridiques\/#organization"},"image":{"@id":"https:\/\/www.legalvision.fr\/guides-juridiques\/droit-du-travail\/droit-a-la-deconnexion-comment-ca-marche\/#primaryimage"},"thumbnailUrl":"https:\/\/www.legalvision.fr\/guides-juridiques\/wp-content\/uploads\/2019\/01\/Droit-\u00e0-la-d\u00e9connexion.jpg","articleSection":["Droit du travail"],"inLanguage":"fr-FR","potentialAction":[{"@type":"CommentAction","name":"Comment","target":["https:\/\/www.legalvision.fr\/guides-juridiques\/droit-du-travail\/droit-a-la-deconnexion-comment-ca-marche\/#respond"]}]},{"@type":"WebPage","@id":"https:\/\/www.legalvision.fr\/guides-juridiques\/droit-du-travail\/droit-a-la-deconnexion-comment-ca-marche\/","url":"https:\/\/www.legalvision.fr\/guides-juridiques\/droit-du-travail\/droit-a-la-deconnexion-comment-ca-marche\/","name":"Droit \u00e0 la d\u00e9connexion : il est temps de vous laisser respirer !","isPartOf":{"@id":"https:\/\/www.legalvision.fr\/guides-juridiques\/#website"},"primaryImageOfPage":{"@id":"https:\/\/www.legalvision.fr\/guides-juridiques\/droit-du-travail\/droit-a-la-deconnexion-comment-ca-marche\/#primaryimage"},"image":{"@id":"https:\/\/www.legalvision.fr\/guides-juridiques\/droit-du-travail\/droit-a-la-deconnexion-comment-ca-marche\/#primaryimage"},"thumbnailUrl":"https:\/\/www.legalvision.fr\/guides-juridiques\/wp-content\/uploads\/2019\/01\/Droit-\u00e0-la-d\u00e9connexion.jpg","datePublished":"2019-01-28T06:30:02+00:00","dateModified":"2022-03-27T19:21:02+00:00","description":"Quelle est la d\u00e9finition du droit \u00e0 la d\u00e9connexion ? Qui peut en b\u00e9n\u00e9ficier ? Comment en garantir l'effectivit\u00e9 ? LegalVision vous explique.","breadcrumb":{"@id":"https:\/\/www.legalvision.fr\/guides-juridiques\/droit-du-travail\/droit-a-la-deconnexion-comment-ca-marche\/#breadcrumb"},"inLanguage":"fr-FR","potentialAction":[{"@type":"ReadAction","target":["https:\/\/www.legalvision.fr\/guides-juridiques\/droit-du-travail\/droit-a-la-deconnexion-comment-ca-marche\/"]}]},{"@type":"ImageObject","inLanguage":"fr-FR","@id":"https:\/\/www.legalvision.fr\/guides-juridiques\/droit-du-travail\/droit-a-la-deconnexion-comment-ca-marche\/#primaryimage","url":"https:\/\/www.legalvision.fr\/guides-juridiques\/wp-content\/uploads\/2019\/01\/Droit-\u00e0-la-d\u00e9connexion.jpg","contentUrl":"https:\/\/www.legalvision.fr\/guides-juridiques\/wp-content\/uploads\/2019\/01\/Droit-\u00e0-la-d\u00e9connexion.jpg","width":958,"height":350,"caption":"Droit \u00e0 la d\u00e9connexion"},{"@type":"BreadcrumbList","@id":"https:\/\/www.legalvision.fr\/guides-juridiques\/droit-du-travail\/droit-a-la-deconnexion-comment-ca-marche\/#breadcrumb","itemListElement":[{"@type":"ListItem","position":1,"name":"Accueil","item":"https:\/\/www.legalvision.fr\/guides-juridiques\/"},{"@type":"ListItem","position":2,"name":"Droit du travail","item":"https:\/\/www.legalvision.fr\/guides-juridiques\/droit-du-travail\/"},{"@type":"ListItem","position":3,"name":"Droit \u00e0 la d\u00e9connexion : comment \u00e7a marche ?"}]},{"@type":"WebSite","@id":"https:\/\/www.legalvision.fr\/guides-juridiques\/#website","url":"https:\/\/www.legalvision.fr\/guides-juridiques\/","name":"Guides juridiques","description":"L&#039;information juridique \u00e0 destination des entreprises et TPE","publisher":{"@id":"https:\/\/www.legalvision.fr\/guides-juridiques\/#organization"},"potentialAction":[{"@type":"SearchAction","target":{"@type":"EntryPoint","urlTemplate":"https:\/\/www.legalvision.fr\/guides-juridiques\/?s={search_term_string}"},"query-input":{"@type":"PropertyValueSpecification","valueRequired":true,"valueName":"search_term_string"}}],"inLanguage":"fr-FR"},{"@type":"Organization","@id":"https:\/\/www.legalvision.fr\/guides-juridiques\/#organization","name":"Guides juridiques","url":"https:\/\/www.legalvision.fr\/guides-juridiques\/","logo":{"@type":"ImageObject","inLanguage":"fr-FR","@id":"https:\/\/www.legalvision.fr\/guides-juridiques\/#\/schema\/logo\/image\/","url":"https:\/\/www.legalvision.fr\/guides-juridiques\/wp-content\/uploads\/2022\/10\/LV-Logotype.png","contentUrl":"https:\/\/www.legalvision.fr\/guides-juridiques\/wp-content\/uploads\/2022\/10\/LV-Logotype.png","width":647,"height":125,"caption":"Guides juridiques"},"image":{"@id":"https:\/\/www.legalvision.fr\/guides-juridiques\/#\/schema\/logo\/image\/"}},{"@type":"Person","@id":"https:\/\/www.legalvision.fr\/guides-juridiques\/#\/schema\/person\/1c21f1bfa7dd3dc828b37599170a5d6e","name":"Anna Vandoeuvre","image":{"@type":"ImageObject","inLanguage":"fr-FR","@id":"https:\/\/www.legalvision.fr\/guides-juridiques\/#\/schema\/person\/image\/","url":"https:\/\/www.legalvision.fr\/guides-juridiques\/wp-content\/uploads\/2023\/07\/cropped-femme2-96x96.png","contentUrl":"https:\/\/www.legalvision.fr\/guides-juridiques\/wp-content\/uploads\/2023\/07\/cropped-femme2-96x96.png","caption":"Anna Vandoeuvre"},"description":"Je suis juriste au sein de LegalVision. \u00c9l\u00e8ve-avocate et titulaire d'un M2 en droit \u00e9conomique, je m'int\u00e9resse tout particuli\u00e8rement au droit social.","url":"https:\/\/www.legalvision.fr\/guides-juridiques\/author\/anna-valdebouze\/"}]}},"_links":{"self":[{"href":"https:\/\/www.legalvision.fr\/guides-juridiques\/wp-json\/wp\/v2\/posts\/10559","targetHints":{"allow":["GET"]}}],"collection":[{"href":"https:\/\/www.legalvision.fr\/guides-juridiques\/wp-json\/wp\/v2\/posts"}],"about":[{"href":"https:\/\/www.legalvision.fr\/guides-juridiques\/wp-json\/wp\/v2\/types\/post"}],"author":[{"embeddable":true,"href":"https:\/\/www.legalvision.fr\/guides-juridiques\/wp-json\/wp\/v2\/users\/32"}],"replies":[{"embeddable":true,"href":"https:\/\/www.legalvision.fr\/guides-juridiques\/wp-json\/wp\/v2\/comments?post=10559"}],"version-history":[{"count":0,"href":"https:\/\/www.legalvision.fr\/guides-juridiques\/wp-json\/wp\/v2\/posts\/10559\/revisions"}],"wp:featuredmedia":[{"embeddable":true,"href":"https:\/\/www.legalvision.fr\/guides-juridiques\/wp-json\/wp\/v2\/media\/21743"}],"wp:attachment":[{"href":"https:\/\/www.legalvision.fr\/guides-juridiques\/wp-json\/wp\/v2\/media?parent=10559"}],"wp:term":[{"taxonomy":"category","embeddable":true,"href":"https:\/\/www.legalvision.fr\/guides-juridiques\/wp-json\/wp\/v2\/categories?post=10559"},{"taxonomy":"post_tag","embeddable":true,"href":"https:\/\/www.legalvision.fr\/guides-juridiques\/wp-json\/wp\/v2\/tags?post=10559"}],"curies":[{"name":"wp","href":"https:\/\/api.w.org\/{rel}","templated":true}]}}